{"id":138441,"date":"2022-01-13T13:13:17","date_gmt":"2022-01-13T18:13:17","guid":{"rendered":"https:\/\/linitiative.ca\/International\/world-bank-avec-la-normalisation-de-la-production-agricole-la-croissance-du-pib-devrait-ralentir-a-32-pour-cent-en-2022\/"},"modified":"2022-01-13T13:13:17","modified_gmt":"2022-01-13T18:13:17","slug":"world-bank-avec-la-normalisation-de-la-production-agricole-la-croissance-du-pib-devrait-ralentir-a-32-pour-cent-en-2022","status":"publish","type":"post","link":"https:\/\/linitiative.ca\/International\/world-bank-avec-la-normalisation-de-la-production-agricole-la-croissance-du-pib-devrait-ralentir-a-32-pour-cent-en-2022\/","title":{"rendered":"World Bank : \u00ab\u00a0Avec la normalisation de la production agricole, la croissance du PIB devrait ralentir \u00e0 3,2 pour cent en 2022\u00a0\u00bb"},"content":{"rendered":"<div><img decoding=\"async\" width=\"1197\" height=\"560\" src=\"https:\/\/linitiative.ca\/International\/wp-content\/uploads\/sites\/23\/2022\/01\/Acr1055271844800-253378-1197x560-1.jpeg\" class=\"attachment-post-thumbnail size-post-thumbnail wp-post-image\" alt=\"\" loading=\"lazy\" srcset=\"https:\/\/linitiative.ca\/International\/wp-content\/uploads\/sites\/23\/2022\/01\/Acr1055271844800-253378-1197x560-1.jpeg 1197w, https:\/\/www.challenge.ma\/wp-content\/uploads\/2022\/01\/Acr1055271844800-253378-1197x560-1-300x140.jpeg 300w, https:\/\/www.challenge.ma\/wp-content\/uploads\/2022\/01\/Acr1055271844800-253378-1197x560-1-1024x479.jpeg 1024w, https:\/\/www.challenge.ma\/wp-content\/uploads\/2022\/01\/Acr1055271844800-253378-1197x560-1-768x359.jpeg 768w, https:\/\/www.challenge.ma\/wp-content\/uploads\/2022\/01\/Acr1055271844800-253378-1197x560-1-360x168.jpeg 360w, https:\/\/www.challenge.ma\/wp-content\/uploads\/2022\/01\/Acr1055271844800-253378-1197x560-1-750x351.jpeg 750w\" sizes=\"auto, (max-width: 1197px) 100vw, 1197px\" itemprop=\"image\">Apr\u00e8s un choc sans pr\u00e9c\u00e9dent en 2020, le Maroc entre dans une phase de normalisation avec l\u2019att\u00e9nuation de la pand\u00e9mie de COVID-19, la reprise du secteur agricole et celle de la demande ext\u00e9rieure. Apr\u00e8s la vague de contagions qui s\u2019est substitu\u00e9e au cours de l\u2019\u00e9t\u00e9 2021, le nombre de cas<\/div>\n<p>Auteur: Azeroual Siham<br \/>\n<a href=\"https:\/\/www.challenge.ma\/world-bank-avec-la-normalisation-de-la-production-agricole-la-croissance-du-pib-devrait-ralentir-a-32-pour-cent-en-2022-230608\/\">Cliquez ici pour lire l&rsquo;article depuis sa source.<\/a><\/p>\n","protected":false},"excerpt":{"rendered":"<p>Apr\u00e8s un choc sans pr\u00e9c\u00e9dent en 2020, le Maroc entre dans une phase de normalisation avec l\u2019att\u00e9nuation de la pand\u00e9mie de COVID-19, la reprise du secteur agricole et celle de la demande ext\u00e9rieure. Apr\u00e8s la vague de contagions qui s\u2019est substitu\u00e9e au cours de l\u2019\u00e9t\u00e9 2021, le nombre de cas Auteur: Azeroual Siham Cliquez ici [&hellip;]<\/p>\n","protected":false},"author":1787,"featured_media":0,"comment_status":"closed","ping_status":"closed","sticky":false,"template":"","format":"standard","meta":{"fifu_image_url":"https:\/\/www.challenge.ma\/wp-content\/uploads\/2022\/01\/Acr1055271844800-253378-1197x560-1.jpeg","fifu_image_alt":"World Bank : \u00ab\u00a0Avec la normalisation de la production agricole, la croissance du PIB devrait ralentir \u00e0 3,2 pour cent en 2022\u00a0\u00bb","footnotes":""},"categories":[78,54],"tags":[],"class_list":["post-138441","post","type-post","status-publish","format-standard","hentry","category-economie","category-maroc"],"_links":{"self":[{"href":"https:\/\/linitiative.ca\/International\/wp-json\/wp\/v2\/posts\/138441","targetHints":{"allow":["GET"]}}],"collection":[{"href":"https:\/\/linitiative.ca\/International\/wp-json\/wp\/v2\/posts"}],"about":[{"href":"https:\/\/linitiative.ca\/International\/wp-json\/wp\/v2\/types\/post"}],"author":[{"embeddable":true,"href":"https:\/\/linitiative.ca\/International\/wp-json\/wp\/v2\/users\/1787"}],"replies":[{"embeddable":true,"href":"https:\/\/linitiative.ca\/International\/wp-json\/wp\/v2\/comments?post=138441"}],"version-history":[{"count":0,"href":"https:\/\/linitiative.ca\/International\/wp-json\/wp\/v2\/posts\/138441\/revisions"}],"wp:attachment":[{"href":"https:\/\/linitiative.ca\/International\/wp-json\/wp\/v2\/media?parent=138441"}],"wp:term":[{"taxonomy":"category","embeddable":true,"href":"https:\/\/linitiative.ca\/International\/wp-json\/wp\/v2\/categories?post=138441"},{"taxonomy":"post_tag","embeddable":true,"href":"https:\/\/linitiative.ca\/International\/wp-json\/wp\/v2\/tags?post=138441"}],"curies":[{"name":"wp","href":"https:\/\/api.w.org\/{rel}","templated":true}]}}