{"id":138443,"date":"2022-01-13T16:30:07","date_gmt":"2022-01-13T21:30:07","guid":{"rendered":"https:\/\/linitiative.ca\/International\/sahara-la-serenite-du-maroc-par-jamal-berraoui\/"},"modified":"2022-01-13T16:30:07","modified_gmt":"2022-01-13T21:30:07","slug":"sahara-la-serenite-du-maroc-par-jamal-berraoui","status":"publish","type":"post","link":"https:\/\/linitiative.ca\/International\/sahara-la-serenite-du-maroc-par-jamal-berraoui\/","title":{"rendered":"Sahara : la s\u00e9r\u00e9nit\u00e9 du Maroc [Par Jamal Berraoui]"},"content":{"rendered":"<div><img decoding=\"async\" width=\"626\" height=\"400\" src=\"https:\/\/linitiative.ca\/International\/wp-content\/uploads\/sites\/23\/2022\/01\/Maroc-drapeau-dakhla.jpg\" class=\"attachment-post-thumbnail size-post-thumbnail wp-post-image\" alt=\"\" loading=\"lazy\" srcset=\"https:\/\/linitiative.ca\/International\/wp-content\/uploads\/sites\/23\/2022\/01\/Maroc-drapeau-dakhla.jpg 626w, https:\/\/www.challenge.ma\/wp-content\/uploads\/2022\/01\/Maroc-drapeau-dakhla-300x192.jpg 300w, https:\/\/www.challenge.ma\/wp-content\/uploads\/2022\/01\/Maroc-drapeau-dakhla-360x230.jpg 360w\" sizes=\"auto, (max-width: 626px) 100vw, 626px\" itemprop=\"image\">Le nouveau repr\u00e9sentant du Secr\u00e9taire g\u00e9n\u00e9ral de l\u2019ONU pour le dossier du Sahara reprend son b\u00e2ton de p\u00e8lerin. Alger ne peut pas se d\u00e9rober, elle est partie prenante du conflit, selon la communaut\u00e9 internationale. Le Maroc, gr\u00e2ce \u00e0 sa patience, a engrang\u00e9 des points d\u00e9cisifs dans ce processus onusien. Celui-ci<\/div>\n<p>Auteur: challenge<br \/>\n<a href=\"https:\/\/www.challenge.ma\/sahara-la-serenite-du-maroc-par-jamal-berraoui-230603\/\">Cliquez ici pour lire l&rsquo;article depuis sa source.<\/a><\/p>\n","protected":false},"excerpt":{"rendered":"<p>Le nouveau repr\u00e9sentant du Secr\u00e9taire g\u00e9n\u00e9ral de l\u2019ONU pour le dossier du Sahara reprend son b\u00e2ton de p\u00e8lerin. Alger ne peut pas se d\u00e9rober, elle est partie prenante du conflit, selon la communaut\u00e9 internationale. Le Maroc, gr\u00e2ce \u00e0 sa patience, a engrang\u00e9 des points d\u00e9cisifs dans ce processus onusien. Celui-ci Auteur: challenge Cliquez ici pour [&hellip;]<\/p>\n","protected":false},"author":1787,"featured_media":0,"comment_status":"closed","ping_status":"closed","sticky":false,"template":"","format":"standard","meta":{"fifu_image_url":"https:\/\/www.challenge.ma\/wp-content\/uploads\/2022\/01\/Maroc-drapeau-dakhla.jpg","fifu_image_alt":"Sahara : la s\u00e9r\u00e9nit\u00e9 du Maroc [Par Jamal Berraoui]","footnotes":""},"categories":[78,54],"tags":[],"class_list":["post-138443","post","type-post","status-publish","format-standard","hentry","category-economie","category-maroc"],"_links":{"self":[{"href":"https:\/\/linitiative.ca\/International\/wp-json\/wp\/v2\/posts\/138443","targetHints":{"allow":["GET"]}}],"collection":[{"href":"https:\/\/linitiative.ca\/International\/wp-json\/wp\/v2\/posts"}],"about":[{"href":"https:\/\/linitiative.ca\/International\/wp-json\/wp\/v2\/types\/post"}],"author":[{"embeddable":true,"href":"https:\/\/linitiative.ca\/International\/wp-json\/wp\/v2\/users\/1787"}],"replies":[{"embeddable":true,"href":"https:\/\/linitiative.ca\/International\/wp-json\/wp\/v2\/comments?post=138443"}],"version-history":[{"count":0,"href":"https:\/\/linitiative.ca\/International\/wp-json\/wp\/v2\/posts\/138443\/revisions"}],"wp:attachment":[{"href":"https:\/\/linitiative.ca\/International\/wp-json\/wp\/v2\/media?parent=138443"}],"wp:term":[{"taxonomy":"category","embeddable":true,"href":"https:\/\/linitiative.ca\/International\/wp-json\/wp\/v2\/categories?post=138443"},{"taxonomy":"post_tag","embeddable":true,"href":"https:\/\/linitiative.ca\/International\/wp-json\/wp\/v2\/tags?post=138443"}],"curies":[{"name":"wp","href":"https:\/\/api.w.org\/{rel}","templated":true}]}}