{"id":138446,"date":"2022-01-13T16:06:11","date_gmt":"2022-01-13T21:06:11","guid":{"rendered":"https:\/\/linitiative.ca\/International\/tunisie-ministere-de-linterieur-assignation-a-residence-surveillee-contre-2-elements-menacant-la-securite-publique\/"},"modified":"2022-01-13T16:06:11","modified_gmt":"2022-01-13T21:06:11","slug":"tunisie-ministere-de-linterieur-assignation-a-residence-surveillee-contre-2-elements-menacant-la-securite-publique","status":"publish","type":"post","link":"https:\/\/linitiative.ca\/International\/tunisie-ministere-de-linterieur-assignation-a-residence-surveillee-contre-2-elements-menacant-la-securite-publique\/","title":{"rendered":"Tunisie-Minist\u00e8re de l\u2019Int\u00e9rieur: Assignation \u00e0 r\u00e9sidence surveill\u00e9e contre 2 \u00e9l\u00e9ments mena\u00e7ant la s\u00e9curit\u00e9 publique"},"content":{"rendered":"<div>\n<p>Le minist\u00e8re de l\u2019Int\u00e9rieur a indiqu\u00e9 dans un communiqu\u00e9 rendu public ce soir, jeudi 13 janvier 2022 que selon des informations confirm\u00e9es sur la suspicion d\u2019implication de personnes dans une menace grave pour la s\u00e9curit\u00e9 publique, il est devenu clair que l\u2019une d\u2019entre elles est impliqu\u00e9e dans l\u2019enqu\u00eate sur une affaire de terrorisme enr\u00f4l\u00e9e pr\u00e8s [\u2026]<\/p>\n<p>L\u2019article <a href=\"https:\/\/www.tunisienumerique.com\/tunisie-ministere-de-linterieur-assignation-a-residence-surveillee-contre-2-elements-menacant-la-securite-publique\/\">Tunisie-Minist\u00e8re de l\u2019Int\u00e9rieur: Assignation \u00e0 r\u00e9sidence surveill\u00e9e contre 2 \u00e9l\u00e9ments mena\u00e7ant la s\u00e9curit\u00e9 publique<\/a> est apparu en premier sur <a href=\"https:\/\/www.tunisienumerique.com\/\">Tunisie<\/a>.<\/p>\n<\/div>\n<p>Auteur: rania ben slimane<br \/>\n<a href=\"https:\/\/www.tunisienumerique.com\/tunisie-ministere-de-linterieur-assignation-a-residence-surveillee-contre-2-elements-menacant-la-securite-publique\/\">Cliquez ici pour lire l&rsquo;article depuis sa source.<\/a><\/p>\n","protected":false},"excerpt":{"rendered":"<p>Le minist\u00e8re de l\u2019Int\u00e9rieur a indiqu\u00e9 dans un communiqu\u00e9 rendu public ce soir, jeudi 13 janvier 2022 que selon des informations confirm\u00e9es sur la suspicion d\u2019implication de personnes dans une menace grave pour la s\u00e9curit\u00e9 publique, il est devenu clair que l\u2019une d\u2019entre elles est impliqu\u00e9e dans l\u2019enqu\u00eate sur une affaire de terrorisme enr\u00f4l\u00e9e pr\u00e8s [&hellip;]<\/p>\n","protected":false},"author":1789,"featured_media":0,"comment_status":"closed","ping_status":"closed","sticky":false,"template":"","format":"standard","meta":{"fifu_image_url":"","fifu_image_alt":"","footnotes":""},"categories":[73,55],"tags":[],"class_list":["post-138446","post","type-post","status-publish","format-standard","hentry","category-actualite","category-tunisie"],"_links":{"self":[{"href":"https:\/\/linitiative.ca\/International\/wp-json\/wp\/v2\/posts\/138446","targetHints":{"allow":["GET"]}}],"collection":[{"href":"https:\/\/linitiative.ca\/International\/wp-json\/wp\/v2\/posts"}],"about":[{"href":"https:\/\/linitiative.ca\/International\/wp-json\/wp\/v2\/types\/post"}],"author":[{"embeddable":true,"href":"https:\/\/linitiative.ca\/International\/wp-json\/wp\/v2\/users\/1789"}],"replies":[{"embeddable":true,"href":"https:\/\/linitiative.ca\/International\/wp-json\/wp\/v2\/comments?post=138446"}],"version-history":[{"count":0,"href":"https:\/\/linitiative.ca\/International\/wp-json\/wp\/v2\/posts\/138446\/revisions"}],"wp:attachment":[{"href":"https:\/\/linitiative.ca\/International\/wp-json\/wp\/v2\/media?parent=138446"}],"wp:term":[{"taxonomy":"category","embeddable":true,"href":"https:\/\/linitiative.ca\/International\/wp-json\/wp\/v2\/categories?post=138446"},{"taxonomy":"post_tag","embeddable":true,"href":"https:\/\/linitiative.ca\/International\/wp-json\/wp\/v2\/tags?post=138446"}],"curies":[{"name":"wp","href":"https:\/\/api.w.org\/{rel}","templated":true}]}}