{"id":138447,"date":"2022-01-13T16:17:42","date_gmt":"2022-01-13T21:17:42","guid":{"rendered":"https:\/\/linitiative.ca\/International\/jendouba-coronavirus-le-bilan-salourdit\/"},"modified":"2022-01-13T16:17:42","modified_gmt":"2022-01-13T21:17:42","slug":"jendouba-coronavirus-le-bilan-salourdit","status":"publish","type":"post","link":"https:\/\/linitiative.ca\/International\/jendouba-coronavirus-le-bilan-salourdit\/","title":{"rendered":"Jendouba-Coronavirus : Le bilan s\u2019alourdit !"},"content":{"rendered":"<div>\n<p>La Direction R\u00e9gionale de la sant\u00e9 de Jendouba a confirm\u00e9 le 13 janvier 2022, que la situation \u00e9pid\u00e9miologique dans la r\u00e9gion est devenue pr\u00e9occupante, surtout que le taux de tests positifs au Coronavirus, ce 12 janvier, a atteint 10,7%. Le nombre des infect\u00e9s au covid hospitalis\u00e9s a \u00e9galement augment\u00e9 \u00e0 06 patients souffrant d\u2019insuffisance respiratoire [\u2026]<\/p>\n<p>L\u2019article <a href=\"https:\/\/www.tunisienumerique.com\/jendouba-coronavirus-le-bilan-salourdit-3\/\">Jendouba-Coronavirus : Le bilan s\u2019alourdit !<\/a> est apparu en premier sur <a href=\"https:\/\/www.tunisienumerique.com\/\">Tunisie<\/a>.<\/p>\n<\/div>\n<p>Auteur: rania ben slimane<br \/>\n<a href=\"https:\/\/www.tunisienumerique.com\/jendouba-coronavirus-le-bilan-salourdit-3\/\">Cliquez ici pour lire l&rsquo;article depuis sa source.<\/a><\/p>\n","protected":false},"excerpt":{"rendered":"<p>La Direction R\u00e9gionale de la sant\u00e9 de Jendouba a confirm\u00e9 le 13 janvier 2022, que la situation \u00e9pid\u00e9miologique dans la r\u00e9gion est devenue pr\u00e9occupante, surtout que le taux de tests positifs au Coronavirus, ce 12 janvier, a atteint 10,7%. Le nombre des infect\u00e9s au covid hospitalis\u00e9s a \u00e9galement augment\u00e9 \u00e0 06 patients souffrant d\u2019insuffisance respiratoire [&hellip;]<\/p>\n","protected":false},"author":1789,"featured_media":0,"comment_status":"closed","ping_status":"closed","sticky":false,"template":"","format":"standard","meta":{"fifu_image_url":"","fifu_image_alt":"","footnotes":""},"categories":[73,55],"tags":[],"class_list":["post-138447","post","type-post","status-publish","format-standard","hentry","category-actualite","category-tunisie"],"_links":{"self":[{"href":"https:\/\/linitiative.ca\/International\/wp-json\/wp\/v2\/posts\/138447","targetHints":{"allow":["GET"]}}],"collection":[{"href":"https:\/\/linitiative.ca\/International\/wp-json\/wp\/v2\/posts"}],"about":[{"href":"https:\/\/linitiative.ca\/International\/wp-json\/wp\/v2\/types\/post"}],"author":[{"embeddable":true,"href":"https:\/\/linitiative.ca\/International\/wp-json\/wp\/v2\/users\/1789"}],"replies":[{"embeddable":true,"href":"https:\/\/linitiative.ca\/International\/wp-json\/wp\/v2\/comments?post=138447"}],"version-history":[{"count":0,"href":"https:\/\/linitiative.ca\/International\/wp-json\/wp\/v2\/posts\/138447\/revisions"}],"wp:attachment":[{"href":"https:\/\/linitiative.ca\/International\/wp-json\/wp\/v2\/media?parent=138447"}],"wp:term":[{"taxonomy":"category","embeddable":true,"href":"https:\/\/linitiative.ca\/International\/wp-json\/wp\/v2\/categories?post=138447"},{"taxonomy":"post_tag","embeddable":true,"href":"https:\/\/linitiative.ca\/International\/wp-json\/wp\/v2\/tags?post=138447"}],"curies":[{"name":"wp","href":"https:\/\/api.w.org\/{rel}","templated":true}]}}