{"id":138448,"date":"2022-01-13T16:33:03","date_gmt":"2022-01-13T21:33:03","guid":{"rendered":"https:\/\/linitiative.ca\/International\/tunisie-le-ministere-de-linterieur-rappelle-les-mesures-preventives-contre-la-propagation-du-coronavirus\/"},"modified":"2022-01-13T16:33:03","modified_gmt":"2022-01-13T21:33:03","slug":"tunisie-le-ministere-de-linterieur-rappelle-les-mesures-preventives-contre-la-propagation-du-coronavirus","status":"publish","type":"post","link":"https:\/\/linitiative.ca\/International\/tunisie-le-ministere-de-linterieur-rappelle-les-mesures-preventives-contre-la-propagation-du-coronavirus\/","title":{"rendered":"Tunisie : Le Minist\u00e8re de l\u2019Int\u00e9rieur rappelle les mesures pr\u00e9ventives contre la propagation du Coronavirus"},"content":{"rendered":"<div>\n<p>Dans un communiqu\u00e9 publi\u00e9 sur sa page ce soir 13 janvier 2022, le minist\u00e8re de l\u2019Int\u00e9rieur a r\u00e9it\u00e9r\u00e9 son appel \u00e0 tous les citoyens \u00e0 respecter les d\u00e9cisions \u00e9mises en marge de la r\u00e9union minist\u00e9rielle tenue le 11 janvier 2022, relatives \u00e0 la pr\u00e9vention de l\u2019infection par le Coronavirus, \u00e0 la lumi\u00e8re de l\u2019acc\u00e9l\u00e9ration de [\u2026]<\/p>\n<p>L\u2019article <a href=\"https:\/\/www.tunisienumerique.com\/tunisie-le-ministere-de-linterieur-rappelle-les-mesures-preventives-contre-la-propagation-du-coronavirus\/\">Tunisie : Le Minist\u00e8re de l\u2019Int\u00e9rieur rappelle les mesures pr\u00e9ventives contre la propagation du Coronavirus<\/a> est apparu en premier sur <a href=\"https:\/\/www.tunisienumerique.com\/\">Tunisie<\/a>.<\/p>\n<\/div>\n<p>Auteur: rania ben slimane<br \/>\n<a href=\"https:\/\/www.tunisienumerique.com\/tunisie-le-ministere-de-linterieur-rappelle-les-mesures-preventives-contre-la-propagation-du-coronavirus\/\">Cliquez ici pour lire l&rsquo;article depuis sa source.<\/a><\/p>\n","protected":false},"excerpt":{"rendered":"<p>Dans un communiqu\u00e9 publi\u00e9 sur sa page ce soir 13 janvier 2022, le minist\u00e8re de l\u2019Int\u00e9rieur a r\u00e9it\u00e9r\u00e9 son appel \u00e0 tous les citoyens \u00e0 respecter les d\u00e9cisions \u00e9mises en marge de la r\u00e9union minist\u00e9rielle tenue le 11 janvier 2022, relatives \u00e0 la pr\u00e9vention de l\u2019infection par le Coronavirus, \u00e0 la lumi\u00e8re de l\u2019acc\u00e9l\u00e9ration de [&hellip;]<\/p>\n","protected":false},"author":1789,"featured_media":0,"comment_status":"closed","ping_status":"closed","sticky":false,"template":"","format":"standard","meta":{"fifu_image_url":"","fifu_image_alt":"","footnotes":""},"categories":[73,55],"tags":[],"class_list":["post-138448","post","type-post","status-publish","format-standard","hentry","category-actualite","category-tunisie"],"_links":{"self":[{"href":"https:\/\/linitiative.ca\/International\/wp-json\/wp\/v2\/posts\/138448","targetHints":{"allow":["GET"]}}],"collection":[{"href":"https:\/\/linitiative.ca\/International\/wp-json\/wp\/v2\/posts"}],"about":[{"href":"https:\/\/linitiative.ca\/International\/wp-json\/wp\/v2\/types\/post"}],"author":[{"embeddable":true,"href":"https:\/\/linitiative.ca\/International\/wp-json\/wp\/v2\/users\/1789"}],"replies":[{"embeddable":true,"href":"https:\/\/linitiative.ca\/International\/wp-json\/wp\/v2\/comments?post=138448"}],"version-history":[{"count":0,"href":"https:\/\/linitiative.ca\/International\/wp-json\/wp\/v2\/posts\/138448\/revisions"}],"wp:attachment":[{"href":"https:\/\/linitiative.ca\/International\/wp-json\/wp\/v2\/media?parent=138448"}],"wp:term":[{"taxonomy":"category","embeddable":true,"href":"https:\/\/linitiative.ca\/International\/wp-json\/wp\/v2\/categories?post=138448"},{"taxonomy":"post_tag","embeddable":true,"href":"https:\/\/linitiative.ca\/International\/wp-json\/wp\/v2\/tags?post=138448"}],"curies":[{"name":"wp","href":"https:\/\/api.w.org\/{rel}","templated":true}]}}