{"id":138449,"date":"2022-01-13T16:57:21","date_gmt":"2022-01-13T21:57:21","guid":{"rendered":"https:\/\/linitiative.ca\/International\/tunisie-exclusif-quelles-sont-les-personnes-assignees-a-residence-et-pourquoi\/"},"modified":"2022-01-13T16:57:21","modified_gmt":"2022-01-13T21:57:21","slug":"tunisie-exclusif-quelles-sont-les-personnes-assignees-a-residence-et-pourquoi","status":"publish","type":"post","link":"https:\/\/linitiative.ca\/International\/tunisie-exclusif-quelles-sont-les-personnes-assignees-a-residence-et-pourquoi\/","title":{"rendered":"Tunisie \u2013 EXCLUSIF : Quelles sont les personnes assign\u00e9es \u00e0 r\u00e9sidence et pourquoi\u00a0?"},"content":{"rendered":"<div>\n<p>De sources bien inform\u00e9es TunisieNumerique a appris que les deux personnes, dont le minist\u00e8re de l\u2019int\u00e9rieur a annonc\u00e9 l\u2019assignation \u00e0 r\u00e9sidence gard\u00e9e, ce jeudi, sont un leader \u00e0 Ennahdha et un dirigeant \u00e0 la coalition Al Karama. Ils ont \u00e9t\u00e9 confondus de pousser, et parfois, payer des citoyens, pour descendre manifester, demain, \u00e0 l\u2019avenue Bourguiba, [\u2026]<\/p>\n<p>L\u2019article <a href=\"https:\/\/www.tunisienumerique.com\/tunisie-exclusif-quelles-sont-les-personnes-assignees-a-residence-et-pourquoi\/\">Tunisie \u2013 EXCLUSIF : Quelles sont les personnes assign\u00e9es \u00e0 r\u00e9sidence et pourquoi\u00a0?<\/a> est apparu en premier sur <a href=\"https:\/\/www.tunisienumerique.com\/\">Tunisie<\/a>.<\/p>\n<\/div>\n<p>Auteur: LM<br \/>\n<a href=\"https:\/\/www.tunisienumerique.com\/tunisie-exclusif-quelles-sont-les-personnes-assignees-a-residence-et-pourquoi\/\">Cliquez ici pour lire l&rsquo;article depuis sa source.<\/a><\/p>\n","protected":false},"excerpt":{"rendered":"<p>De sources bien inform\u00e9es TunisieNumerique a appris que les deux personnes, dont le minist\u00e8re de l\u2019int\u00e9rieur a annonc\u00e9 l\u2019assignation \u00e0 r\u00e9sidence gard\u00e9e, ce jeudi, sont un leader \u00e0 Ennahdha et un dirigeant \u00e0 la coalition Al Karama. Ils ont \u00e9t\u00e9 confondus de pousser, et parfois, payer des citoyens, pour descendre manifester, demain, \u00e0 l\u2019avenue Bourguiba, [&hellip;]<\/p>\n","protected":false},"author":1789,"featured_media":0,"comment_status":"closed","ping_status":"closed","sticky":false,"template":"","format":"standard","meta":{"fifu_image_url":"","fifu_image_alt":"","footnotes":""},"categories":[73,55],"tags":[],"class_list":["post-138449","post","type-post","status-publish","format-standard","hentry","category-actualite","category-tunisie"],"_links":{"self":[{"href":"https:\/\/linitiative.ca\/International\/wp-json\/wp\/v2\/posts\/138449","targetHints":{"allow":["GET"]}}],"collection":[{"href":"https:\/\/linitiative.ca\/International\/wp-json\/wp\/v2\/posts"}],"about":[{"href":"https:\/\/linitiative.ca\/International\/wp-json\/wp\/v2\/types\/post"}],"author":[{"embeddable":true,"href":"https:\/\/linitiative.ca\/International\/wp-json\/wp\/v2\/users\/1789"}],"replies":[{"embeddable":true,"href":"https:\/\/linitiative.ca\/International\/wp-json\/wp\/v2\/comments?post=138449"}],"version-history":[{"count":0,"href":"https:\/\/linitiative.ca\/International\/wp-json\/wp\/v2\/posts\/138449\/revisions"}],"wp:attachment":[{"href":"https:\/\/linitiative.ca\/International\/wp-json\/wp\/v2\/media?parent=138449"}],"wp:term":[{"taxonomy":"category","embeddable":true,"href":"https:\/\/linitiative.ca\/International\/wp-json\/wp\/v2\/categories?post=138449"},{"taxonomy":"post_tag","embeddable":true,"href":"https:\/\/linitiative.ca\/International\/wp-json\/wp\/v2\/tags?post=138449"}],"curies":[{"name":"wp","href":"https:\/\/api.w.org\/{rel}","templated":true}]}}