{"id":138450,"date":"2022-01-13T16:10:22","date_gmt":"2022-01-13T21:10:22","guid":{"rendered":"https:\/\/linitiative.ca\/International\/lutte-contre-la-corruption-au-burkina-a-quand-loperation-mains-propres\/"},"modified":"2022-01-13T16:10:22","modified_gmt":"2022-01-13T21:10:22","slug":"lutte-contre-la-corruption-au-burkina-a-quand-loperation-mains-propres","status":"publish","type":"post","link":"https:\/\/linitiative.ca\/International\/lutte-contre-la-corruption-au-burkina-a-quand-loperation-mains-propres\/","title":{"rendered":"LUTTE CONTRE LA CORRUPTION AU BURKINA: A quand l\u2019op\u00e9ration mains propres\u00a0?"},"content":{"rendered":"<div>\n<p><img decoding=\"async\" width=\"1137\" height=\"636\" src=\"https:\/\/linitiative.ca\/International\/wp-content\/uploads\/sites\/23\/2022\/01\/lepaysresponsive-1.png\" class=\"attachment- default-featured-img\" alt=\"\" loading=\"lazy\" srcset=\"https:\/\/linitiative.ca\/International\/wp-content\/uploads\/sites\/23\/2022\/01\/lepaysresponsive-1.png 1137w, https:\/\/lepays.bf\/wp-content\/uploads\/2017\/07\/lepaysresponsive-300x168.png 300w, https:\/\/lepays.bf\/wp-content\/uploads\/2017\/07\/lepaysresponsive-768x430.png 768w, https:\/\/lepays.bf\/wp-content\/uploads\/2017\/07\/lepaysresponsive-1024x573.png 1024w\" sizes=\"auto, (max-width: 1137px) 100vw, 1137px\">\u00a0 Le pr\u00e9sident du Faso, Roch Marc Christian Kabor\u00e9, dans son discours prononc\u00e9 le 25 novembre 2021, soit quelques jours apr\u00e8s le drame d\u2019Inata qui avait co\u00fbt\u00e9 la vie \u00e0 59 personnes, avait promis, entre autres, de lutter contre la corruption \u00e0 travers une \u00ab\u00a0op\u00e9ration mains propres\u00a0\u00bb. Toute chose que bien des Burkinab\u00e8 ont accueillie \u2026<\/p>\n<p>L\u2019article <a rel=\"nofollow\" href=\"https:\/\/lepays.bf\/lutte-contre-la-corruption-au-burkina-a-quand-loperation-mains-propres\/\">LUTTE CONTRE LA CORRUPTION AU BURKINA: A quand l\u2019op\u00e9ration mains propres\u00a0?<\/a> est apparu en premier sur <a rel=\"nofollow\" href=\"https:\/\/lepays.bf\/\">Editions Le Pays<\/a>.<\/p>\n<\/div>\n<p>Auteur: Editions LEPAYS<br \/>\n<a href=\"https:\/\/lepays.bf\/lutte-contre-la-corruption-au-burkina-a-quand-loperation-mains-propres\/\">Cliquez ici pour lire l&rsquo;article depuis sa source.<\/a><\/p>\n","protected":false},"excerpt":{"rendered":"<p>\u00a0 Le pr\u00e9sident du Faso, Roch Marc Christian Kabor\u00e9, dans son discours prononc\u00e9 le 25 novembre 2021, soit quelques jours apr\u00e8s le drame d\u2019Inata qui avait co\u00fbt\u00e9 la vie \u00e0 59 personnes, avait promis, entre autres, de lutter contre la corruption \u00e0 travers une \u00ab\u00a0op\u00e9ration mains propres\u00a0\u00bb. Toute chose que bien des Burkinab\u00e8 ont accueillie [&hellip;]<\/p>\n","protected":false},"author":1813,"featured_media":0,"comment_status":"closed","ping_status":"closed","sticky":false,"template":"","format":"standard","meta":{"fifu_image_url":"https:\/\/lepays.bf\/wp-content\/uploads\/2017\/07\/lepaysresponsive.png","fifu_image_alt":"LUTTE CONTRE LA CORRUPTION AU BURKINA: A quand l\u2019op\u00e9ration mains propres\u00a0?","footnotes":""},"categories":[73,81],"tags":[],"class_list":["post-138450","post","type-post","status-publish","format-standard","hentry","category-actualite","category-burkina-faso"],"_links":{"self":[{"href":"https:\/\/linitiative.ca\/International\/wp-json\/wp\/v2\/posts\/138450","targetHints":{"allow":["GET"]}}],"collection":[{"href":"https:\/\/linitiative.ca\/International\/wp-json\/wp\/v2\/posts"}],"about":[{"href":"https:\/\/linitiative.ca\/International\/wp-json\/wp\/v2\/types\/post"}],"author":[{"embeddable":true,"href":"https:\/\/linitiative.ca\/International\/wp-json\/wp\/v2\/users\/1813"}],"replies":[{"embeddable":true,"href":"https:\/\/linitiative.ca\/International\/wp-json\/wp\/v2\/comments?post=138450"}],"version-history":[{"count":0,"href":"https:\/\/linitiative.ca\/International\/wp-json\/wp\/v2\/posts\/138450\/revisions"}],"wp:attachment":[{"href":"https:\/\/linitiative.ca\/International\/wp-json\/wp\/v2\/media?parent=138450"}],"wp:term":[{"taxonomy":"category","embeddable":true,"href":"https:\/\/linitiative.ca\/International\/wp-json\/wp\/v2\/categories?post=138450"},{"taxonomy":"post_tag","embeddable":true,"href":"https:\/\/linitiative.ca\/International\/wp-json\/wp\/v2\/tags?post=138450"}],"curies":[{"name":"wp","href":"https:\/\/api.w.org\/{rel}","templated":true}]}}