{"id":138458,"date":"2022-01-13T11:58:22","date_gmt":"2022-01-13T16:58:22","guid":{"rendered":"https:\/\/linitiative.ca\/International\/mali-lartiste-musicien-salif-keita-appelle-ses-compatriotes-a-lunite\/"},"modified":"2022-01-13T11:58:22","modified_gmt":"2022-01-13T16:58:22","slug":"mali-lartiste-musicien-salif-keita-appelle-ses-compatriotes-a-lunite","status":"publish","type":"post","link":"https:\/\/linitiative.ca\/International\/mali-lartiste-musicien-salif-keita-appelle-ses-compatriotes-a-lunite\/","title":{"rendered":"Mali\u00a0: l\u2019artiste-musicien Salif Ke\u00efta \u00a0appelle ses compatriotes \u00e0 l\u2019unit\u00e9"},"content":{"rendered":"<div>\n<p>Pour la star malienne de la musique <strong>Salif Ke\u00efta, il <\/strong>\u00a0est capital pour les Maliens, \u00a0face aux sanctions de la CEDEAO et de l\u2019UEMOA, de rester soud\u00e9s et mobilis\u00e9s derri\u00e8re la junte militaire au pouvoir. <em>\u00ab Le Mali dans nos c\u0153urs, dans nos actes et dans nos pri\u00e8res. Nous faisons face \u00e0 des sanctions prises par les pr\u00e9sidents des Nations s\u0153urs de la CEDEAO et de l\u2019UEMOA, parce que nous avons d\u00e9cid\u00e9 de prendre notre destin en main, parce que nous avons d\u00e9cid\u00e9 de choisir des voies de partenariat gagnant-gagnant \u00bb<\/em>, affirme \u00a0Salif Ke\u00efta. Selon lui, les Maliens vivront des moments difficiles<em>. Mais, \u00ab\u00a0 nous les vivrons ensemble et ferons face ensemble. Restons unis comme un seul homme. Soutenons les autorit\u00e9s de la transition. Nous sommes les descendants de Soundjata Ke\u00efta, de Babemba Traor\u00e9 et de bien d\u2019autres hommes dignes. Faisons leur honneur \u00bb, a t- il lanc\u00e9<\/em>.<\/p>\n<p><strong>(Source : Benin tv)<\/strong><\/p>\n<p><strong>\u00a0<\/strong><\/p>\n<p>L\u2019article <a rel=\"nofollow\" href=\"https:\/\/www.sidwaya.info\/blog\/2022\/01\/13\/mali-lartiste-musicien-salif-keita-appelle-ses-compatriotes-a-lunite\/\">Mali\u00a0: l\u2019artiste-musicien Salif Ke\u00efta \u00a0appelle ses compatriotes \u00e0 l\u2019unit\u00e9<\/a> est apparu en premier sur <a rel=\"nofollow\" href=\"https:\/\/www.sidwaya.info\/\">Quotidien Sidwaya<\/a>.<\/p>\n<\/div>\n<p>Auteur: BANGRE SIDWAYA<br \/>\n<a href=\"https:\/\/www.sidwaya.info\/blog\/2022\/01\/13\/mali-lartiste-musicien-salif-keita-appelle-ses-compatriotes-a-lunite\/?utm_source=rss&#038;utm_medium=rss&#038;utm_campaign=mali-lartiste-musicien-salif-keita-appelle-ses-compatriotes-a-lunite\">Cliquez ici pour lire l&rsquo;article depuis sa source.<\/a><\/p>\n","protected":false},"excerpt":{"rendered":"<p>Pour la star malienne de la musique Salif Ke\u00efta, il \u00a0est capital pour les Maliens, \u00a0face aux sanctions de la CEDEAO et de l\u2019UEMOA, de rester soud\u00e9s et mobilis\u00e9s derri\u00e8re la junte militaire au pouvoir. \u00ab Le Mali dans nos c\u0153urs, dans nos actes et dans nos pri\u00e8res. Nous faisons face \u00e0 des sanctions prises [&hellip;]<\/p>\n","protected":false},"author":1816,"featured_media":0,"comment_status":"closed","ping_status":"closed","sticky":false,"template":"","format":"standard","meta":{"fifu_image_url":"","fifu_image_alt":"","footnotes":""},"categories":[73,81],"tags":[],"class_list":["post-138458","post","type-post","status-publish","format-standard","hentry","category-actualite","category-burkina-faso"],"_links":{"self":[{"href":"https:\/\/linitiative.ca\/International\/wp-json\/wp\/v2\/posts\/138458","targetHints":{"allow":["GET"]}}],"collection":[{"href":"https:\/\/linitiative.ca\/International\/wp-json\/wp\/v2\/posts"}],"about":[{"href":"https:\/\/linitiative.ca\/International\/wp-json\/wp\/v2\/types\/post"}],"author":[{"embeddable":true,"href":"https:\/\/linitiative.ca\/International\/wp-json\/wp\/v2\/users\/1816"}],"replies":[{"embeddable":true,"href":"https:\/\/linitiative.ca\/International\/wp-json\/wp\/v2\/comments?post=138458"}],"version-history":[{"count":0,"href":"https:\/\/linitiative.ca\/International\/wp-json\/wp\/v2\/posts\/138458\/revisions"}],"wp:attachment":[{"href":"https:\/\/linitiative.ca\/International\/wp-json\/wp\/v2\/media?parent=138458"}],"wp:term":[{"taxonomy":"category","embeddable":true,"href":"https:\/\/linitiative.ca\/International\/wp-json\/wp\/v2\/categories?post=138458"},{"taxonomy":"post_tag","embeddable":true,"href":"https:\/\/linitiative.ca\/International\/wp-json\/wp\/v2\/tags?post=138458"}],"curies":[{"name":"wp","href":"https:\/\/api.w.org\/{rel}","templated":true}]}}