{"id":138461,"date":"2022-01-13T14:18:03","date_gmt":"2022-01-13T19:18:03","guid":{"rendered":"https:\/\/linitiative.ca\/International\/covid-19-en-afrique-omicron-a-atteint-son-pic-oms\/"},"modified":"2022-01-13T14:18:03","modified_gmt":"2022-01-13T19:18:03","slug":"covid-19-en-afrique-omicron-a-atteint-son-pic-oms","status":"publish","type":"post","link":"https:\/\/linitiative.ca\/International\/covid-19-en-afrique-omicron-a-atteint-son-pic-oms\/","title":{"rendered":"Covid-19 en Afrique : Omicron a atteint son pic (OMS)"},"content":{"rendered":"<div>\n<p><img decoding=\"async\" width=\"336\" height=\"150\" src=\"https:\/\/linitiative.ca\/International\/wp-content\/uploads\/sites\/23\/2022\/01\/16421014844577.jpg\" class=\"attachment-post-thumbnail size-post-thumbnail wp-post-image\" alt=\"\" loading=\"lazy\" srcset=\"https:\/\/linitiative.ca\/International\/wp-content\/uploads\/sites\/23\/2022\/01\/16421014844577.jpg 336w, https:\/\/www.journalducameroun.com\/wp-content\/uploads\/2022\/01\/16421014844577-300x134.jpg 300w\" sizes=\"auto, (max-width: 336px) 100vw, 336px\"><\/p>\n<p>Le nombre de cas hebdomadaires s&rsquo;est stabilis\u00e9 au cours de la semaine se terminant le 9 janvier, compar\u00e9 \u00e0 la semaine pr\u00e9c\u00e9dente selon l&rsquo;Organisation mondiale de la sant\u00e9 (OMS).Apr\u00e8s une hausse de six semaines, la quatri\u00e8me vague de la pand\u00e9mie aliment\u00e9e principalement par le variant Omicron s&rsquo;est stabilis\u00e9e. C&rsquo;est l&rsquo;augmentation la plus br\u00e8ve jusqu&rsquo;\u00e0 pr\u00e9sent sur le continent, o\u00f9 un total de 10,2 millions de cas cumul\u00e9s de Covid-19 avait \u00e9t\u00e9 recens\u00e9 \u00e0 la date du 11 janvier dernier, a indiqu\u00e9 l&rsquo;Organisation mondiale de la sant\u00e9 (OMS).<\/p>\n<p>L&rsquo;Afrique australe, qui a connu une forte augmentation du nombre d&rsquo;infections pendant la vague pand\u00e9mique, a enregistr\u00e9 une baisse de 14 % des infections au cours de la semaine \u00e9coul\u00e9e. En Afrique du Sud, o\u00f9 le variant Omicron a \u00e9t\u00e9 r\u00e9pertori\u00e9 pour la premi\u00e8re fois, le nombre d&rsquo;infections hebdomadaires a diminu\u00e9 de 9 %, soutient l&rsquo;OMS.<\/p>\n<p>Selon cette derni\u00e8re, l&rsquo;incidence de la pand\u00e9mie est aussi en baisse en Afrique de l&rsquo;Est et en Afrique centrale. Cependant, note-t-elle, l&rsquo;Afrique du Nord et l&rsquo;Afrique de l&rsquo;Ouest connaissent une augmentation du nombre de cas, l&rsquo;Afrique du Nord ayant enregistr\u00e9 une hausse de 121 % la semaine derni\u00e8re par rapport \u00e0 la semaine qui l&rsquo;a pr\u00e9c\u00e9d\u00e9e.<\/p>\n<p>Par ailleurs, ajoute l&rsquo;organisme onusien, sur l&rsquo;ensemble du continent, le nombre de d\u00e9c\u00e8s a augment\u00e9 de 64 % au cours de la semaine qui s&rsquo;est achev\u00e9e le 9 janvier par rapport \u00e0 la semaine pr\u00e9c\u00e9dente, principalement \u00e0 cause des infections chez les personnes \u00e0 haut risque.<\/p>\n<p>La quatri\u00e8me vague est toutefois moins meurtri\u00e8re que les vagues pr\u00e9c\u00e9dentes. Le nombre d&rsquo;hospitalisations est rest\u00e9 faible. En Afrique du Sud par exemple, environ 9 % des plus de 5600 lits en unit\u00e9s de soins intensifs du pays sont occup\u00e9s par des patients atteints de la pand\u00e9mie.<\/p>\n<p>\tD&rsquo;apr\u00e8s l&rsquo;OMS, le variant Omicron, qui se propage rapidement, est devenu pr\u00e9dominant dans les pays qui connaissent une recrudescence des cas. Alors qu&rsquo;il a fallu environ quatre semaines au variant Delta pour surclasser le variant B\u00eata auparavant dominant, le variant Omicron a surclass\u00e9 son pr\u00e9d\u00e9cesseur en seulement deux semaines dans les pays africains les plus touch\u00e9s.<\/p>\n<p>\u00ab Les premi\u00e8res indications montrent que la quatri\u00e8me vague en Afrique a \u00e9t\u00e9 abrupte et br\u00e8ve, mais non moins d\u00e9stabilisante. La mesure essentielle de riposte \u00e0 la pand\u00e9mie dont l&rsquo;Afrique a grand besoin reste la m\u00eame, \u00e0 savoir une augmentation rapide et cons\u00e9quente du nombre de personnes vaccin\u00e9es contre la COVID-19. La prochaine vague pourrait \u00eatre moins indulgente \u00bb, a d\u00e9clar\u00e9 la Directrice r\u00e9gionale de l&rsquo;OMS pour l&rsquo;Afrique, Dr Matshidiso Moeti. Elle s&rsquo;exprimait au cours d&rsquo;une conf\u00e9rence de presse virtuelle organis\u00e9e ce jeudi.<\/p>\n<p>Le nombre de tests, qui sont essentiels \u00e0 la d\u00e9tection et \u00e0 la surveillance de la COVID-19 \u2013 dont la surveillance g\u00e9nomique, a connu une l\u00e9g\u00e8re augmentation de 1,6 % au cours de la semaine \u00e9coul\u00e9e avec plus de 90 millions de tests \u2013 principalement des tests d&rsquo;amplification en cha\u00eene par polym\u00e9rase (PCR) \u2013 r\u00e9alis\u00e9s sur le continent. Au cours de la semaine derni\u00e8re, 23 pays ont enregistr\u00e9 un taux de positivit\u00e9 \u00e9lev\u00e9, sup\u00e9rieur \u00e0 10 %.<\/p>\n<p>Partout en Afrique, l&rsquo;OMS dit apporter son appui aux pays pour renforcer le s\u00e9quen\u00e7age g\u00e9nomique par des formations dans des domaines essentiels tels que la bio-informatique et la manipulation des \u00e9chantillons. L&rsquo;Organisation contribue \u00e9galement \u00e0 l&rsquo;achat et \u00e0 la livraison d&rsquo;\u00e9quipements et de mat\u00e9riel de laboratoire essentiels aux pays.<\/p>\n<p>\u00c0 ce jour, 30 pays africains \u2013 et au moins 142 pays dans le monde \u2013 ont d\u00e9tect\u00e9 le variant Omicron. Le variant Delta a \u00e9t\u00e9 signal\u00e9 dans 42 pays d&rsquo;Afrique. En Afrique de l&rsquo;Ouest, o\u00f9 l&rsquo;incidence du coronavirus est en augmentation, le nombre de s\u00e9quences d&rsquo;Omicron r\u00e9alis\u00e9es par des pays comme Cabo Verde, le Ghana, le Nig\u00e9ria et le S\u00e9n\u00e9gal est en hausse. \u00c0 Cabo Verde et au Nig\u00e9ria, Omicron est d\u00e9sormais le variant dominant.<\/p>\n<p>M\u00eame si le continent semble r\u00e9sister \u00e0 la derni\u00e8re vague pand\u00e9mique, le taux de vaccination reste faible. Environ 10 % seulement de la population africaine est enti\u00e8rement vaccin\u00e9e. L&rsquo;approvisionnement en vaccins s&rsquo;est r\u00e9cemment am\u00e9lior\u00e9 sur le continent et l&rsquo;OMS affirme renforcer son appui aux pays pour qu&rsquo;ils puissent distribuer efficacement les doses \u00e0 l&rsquo;ensemble de leur population.<\/p>\n<p>\t\u00ab Cette ann\u00e9e devrait marquer un tournant dans la campagne de vaccination contre la Covid-19 en Afrique. Dans la mesure o\u00f9 une grande partie de la population n&rsquo;est toujours pas vaccin\u00e9e, nos chances de limiter l&rsquo;\u00e9mergence et l&rsquo;impact des variants meurtriers sont bien minces \u00bb, a alert\u00e9 Dr Moeti.<\/p>\n<p>\u00ab Nous disposons du savoir-faire et des outils n\u00e9cessaires et, gr\u00e2ce \u00e0 une action concert\u00e9e, nous pouvons \u00e0 coup s\u00fbr faire pencher la balance en notre faveur contre la pand\u00e9mie \u00bb, a-t-elle assur\u00e9.<\/p>\n<p>Cet article <a rel=\"nofollow\" href=\"https:\/\/www.journalducameroun.com\/covid-19-en-afrique-omicron-a-atteint-son-pic-oms\/\">Covid-19 en Afrique : Omicron a atteint son pic (OMS)<\/a> est apparu en premier sur <a rel=\"nofollow\" href=\"https:\/\/www.journalducameroun.com\/\">Journal du Cameroun<\/a>.<\/p>\n<\/div>\n<p>Auteur: APA News<br \/>\n<a href=\"https:\/\/www.journalducameroun.com\/covid-19-en-afrique-omicron-a-atteint-son-pic-oms\/\">Cliquez ici pour lire l&rsquo;article depuis sa source.<\/a><\/p>\n","protected":false},"excerpt":{"rendered":"<p>Le nombre de cas hebdomadaires s&rsquo;est stabilis\u00e9 au cours de la semaine se terminant le 9 janvier, compar\u00e9 \u00e0 la semaine pr\u00e9c\u00e9dente selon l&rsquo;Organisation mondiale de la sant\u00e9 (OMS).Apr\u00e8s une hausse de six semaines, la quatri\u00e8me vague de la pand\u00e9mie aliment\u00e9e principalement par le variant Omicron s&rsquo;est stabilis\u00e9e. C&rsquo;est l&rsquo;augmentation la plus br\u00e8ve jusqu&rsquo;\u00e0 pr\u00e9sent [&hellip;]<\/p>\n","protected":false},"author":1965,"featured_media":0,"comment_status":"closed","ping_status":"closed","sticky":false,"template":"","format":"standard","meta":{"fifu_image_url":"https:\/\/www.journalducameroun.com\/wp-content\/uploads\/2022\/01\/16421014844577.jpg","fifu_image_alt":"Covid-19 en Afrique : Omicron a atteint son pic (OMS)","footnotes":""},"categories":[73,82],"tags":[],"class_list":["post-138461","post","type-post","status-publish","format-standard","hentry","category-actualite","category-cameroun"],"_links":{"self":[{"href":"https:\/\/linitiative.ca\/International\/wp-json\/wp\/v2\/posts\/138461","targetHints":{"allow":["GET"]}}],"collection":[{"href":"https:\/\/linitiative.ca\/International\/wp-json\/wp\/v2\/posts"}],"about":[{"href":"https:\/\/linitiative.ca\/International\/wp-json\/wp\/v2\/types\/post"}],"author":[{"embeddable":true,"href":"https:\/\/linitiative.ca\/International\/wp-json\/wp\/v2\/users\/1965"}],"replies":[{"embeddable":true,"href":"https:\/\/linitiative.ca\/International\/wp-json\/wp\/v2\/comments?post=138461"}],"version-history":[{"count":0,"href":"https:\/\/linitiative.ca\/International\/wp-json\/wp\/v2\/posts\/138461\/revisions"}],"wp:attachment":[{"href":"https:\/\/linitiative.ca\/International\/wp-json\/wp\/v2\/media?parent=138461"}],"wp:term":[{"taxonomy":"category","embeddable":true,"href":"https:\/\/linitiative.ca\/International\/wp-json\/wp\/v2\/categories?post=138461"},{"taxonomy":"post_tag","embeddable":true,"href":"https:\/\/linitiative.ca\/International\/wp-json\/wp\/v2\/tags?post=138461"}],"curies":[{"name":"wp","href":"https:\/\/api.w.org\/{rel}","templated":true}]}}