{"id":138463,"date":"2022-01-13T14:46:36","date_gmt":"2022-01-13T19:46:36","guid":{"rendered":"https:\/\/linitiative.ca\/International\/cameroun-assassinat-du-senateur-henry-kemende-gamsey-dans-le-nord-ouest\/"},"modified":"2022-01-13T14:46:36","modified_gmt":"2022-01-13T19:46:36","slug":"cameroun-assassinat-du-senateur-henry-kemende-gamsey-dans-le-nord-ouest","status":"publish","type":"post","link":"https:\/\/linitiative.ca\/International\/cameroun-assassinat-du-senateur-henry-kemende-gamsey-dans-le-nord-ouest\/","title":{"rendered":"Cameroun : assassinat du s\u00e9nateur Henry Kemende Gamsey dans le Nord-Ouest"},"content":{"rendered":"<div>\n<p><img decoding=\"async\" width=\"380\" height=\"350\" src=\"https:\/\/linitiative.ca\/International\/wp-content\/uploads\/sites\/23\/2022\/01\/Henry-Kemende-Gamsey.jpg\" class=\"attachment-post-thumbnail size-post-thumbnail wp-post-image\" alt=\"\" loading=\"lazy\" srcset=\"https:\/\/linitiative.ca\/International\/wp-content\/uploads\/sites\/23\/2022\/01\/Henry-Kemende-Gamsey.jpg 380w, https:\/\/www.journalducameroun.com\/wp-content\/uploads\/2022\/01\/Henry-Kemende-Gamsey-300x276.jpg 300w\" sizes=\"auto, (max-width: 380px) 100vw, 380px\"><\/p>\n<h2 style=\"background: white; margin: 22.5pt 0cm;\"><span style=\"font-size: 15.5pt; font-family: 'Arial','sans-serif'; color: #212529;\">Il a \u00e9t\u00e9 tu\u00e9 par balle par des personnes arm\u00e9es, non identifi\u00e9es dans son domicile la nuit du 11 janvier 2022 \u00e0 Bamenda.<\/span><\/h2>\n<p style=\"text-align: start; background: white; font-variant-ligatures: normal; font-variant-caps: normal; orphans: 2; widows: 2; -webkit-text-stroke-width: 0px; text-decoration-thickness: initial; text-decoration-style: initial; text-decoration-color: initial; word-spacing: 0px; margin: 22.5pt 0cm 22.5pt 0cm;\"><span style=\"font-size: 15.5pt; font-family: 'Arial','sans-serif'; color: #212529;\">Jusqu\u2019\u00e0 ce jour les raisons de son <strong>assassinat<\/strong> sont encore inconnues. Apr\u00e8s avoir \u00e9t\u00e9 cribl\u00e9 de balles, il n&rsquo;a pas pu <strong>succomber<\/strong> \u00e0 ses blessures et a\u00a0 rendu l&rsquo;\u00e2me quelques minutes\u00a0<\/span><span style=\"font-family: 'Arial','sans-serif'; color: #222222;\">\u00a0<\/span><span style=\"font-size: 15.5pt; font-family: 'Arial','sans-serif'; color: #212529;\">apr\u00e8s. Selon des sources concordantes, la nuit de son assassinat son \u00e9pouse a \u00e9galement \u00e9t\u00e9 kidnapp\u00e9e.<\/span><\/p>\n<p style=\"text-align: start; background: white; font-variant-ligatures: normal; font-variant-caps: normal; orphans: 2; widows: 2; -webkit-text-stroke-width: 0px; text-decoration-thickness: initial; text-decoration-style: initial; text-decoration-color: initial; word-spacing: 0px; margin: 22.5pt 0cm 22.5pt 0cm;\"><span style=\"font-size: 15.5pt; font-family: 'Arial','sans-serif'; color: #212529;\">S\u00e9nateur \u00e9lu lors des derni\u00e8res \u00e9lections s\u00e9natoriales de 2018 pour le \u00a0Social Democratic Front (SDF), <strong>Henry Kemende \u00a0Gamsey<\/strong> \u00e9tait \u00e9galement <strong>avocat<\/strong> au barreau du Cameroun.<\/span><\/p>\n<p style=\"text-align: start; background: white; font-variant-ligatures: normal; font-variant-caps: normal; orphans: 2; widows: 2; -webkit-text-stroke-width: 0px; text-decoration-thickness: initial; text-decoration-style: initial; text-decoration-color: initial; word-spacing: 0px; margin: 22.5pt 0cm 22.5pt 0cm;\"><span style=\"font-size: 15.5pt; font-family: 'Arial','sans-serif'; color: #212529;\">Pour l\u2019heure, \u00a0les responsables de cet \u00a0acte criminel restent encore inconnus.<\/span><\/p>\n<p>Cet article <a rel=\"nofollow\" href=\"https:\/\/www.journalducameroun.com\/cameroun-assassinat-du-senateur-henry-kemende-gamsey-dans-le-nord-ouest\/\">Cameroun : assassinat du s\u00e9nateur Henry Kemende Gamsey dans le Nord-Ouest<\/a> est apparu en premier sur <a rel=\"nofollow\" href=\"https:\/\/www.journalducameroun.com\/\">Journal du Cameroun<\/a>.<\/p>\n<\/div>\n<p>Auteur: Emile Zola Nd\u00e9 Tchoussi<br \/>\n<a href=\"https:\/\/www.journalducameroun.com\/cameroun-assassinat-du-senateur-henry-kemende-gamsey-dans-le-nord-ouest\/\">Cliquez ici pour lire l&rsquo;article depuis sa source.<\/a><\/p>\n","protected":false},"excerpt":{"rendered":"<p>Il a \u00e9t\u00e9 tu\u00e9 par balle par des personnes arm\u00e9es, non identifi\u00e9es dans son domicile la nuit du 11 janvier 2022 \u00e0 Bamenda. Jusqu\u2019\u00e0 ce jour les raisons de son assassinat sont encore inconnues. Apr\u00e8s avoir \u00e9t\u00e9 cribl\u00e9 de balles, il n&rsquo;a pas pu succomber \u00e0 ses blessures et a\u00a0 rendu l&rsquo;\u00e2me quelques minutes\u00a0\u00a0apr\u00e8s. Selon [&hellip;]<\/p>\n","protected":false},"author":1965,"featured_media":0,"comment_status":"closed","ping_status":"closed","sticky":false,"template":"","format":"standard","meta":{"fifu_image_url":"https:\/\/www.journalducameroun.com\/wp-content\/uploads\/2022\/01\/Henry-Kemende-Gamsey.jpg","fifu_image_alt":"Cameroun : assassinat du s\u00e9nateur Henry Kemende Gamsey dans le Nord-Ouest","footnotes":""},"categories":[73,82],"tags":[],"class_list":["post-138463","post","type-post","status-publish","format-standard","hentry","category-actualite","category-cameroun"],"_links":{"self":[{"href":"https:\/\/linitiative.ca\/International\/wp-json\/wp\/v2\/posts\/138463","targetHints":{"allow":["GET"]}}],"collection":[{"href":"https:\/\/linitiative.ca\/International\/wp-json\/wp\/v2\/posts"}],"about":[{"href":"https:\/\/linitiative.ca\/International\/wp-json\/wp\/v2\/types\/post"}],"author":[{"embeddable":true,"href":"https:\/\/linitiative.ca\/International\/wp-json\/wp\/v2\/users\/1965"}],"replies":[{"embeddable":true,"href":"https:\/\/linitiative.ca\/International\/wp-json\/wp\/v2\/comments?post=138463"}],"version-history":[{"count":0,"href":"https:\/\/linitiative.ca\/International\/wp-json\/wp\/v2\/posts\/138463\/revisions"}],"wp:attachment":[{"href":"https:\/\/linitiative.ca\/International\/wp-json\/wp\/v2\/media?parent=138463"}],"wp:term":[{"taxonomy":"category","embeddable":true,"href":"https:\/\/linitiative.ca\/International\/wp-json\/wp\/v2\/categories?post=138463"},{"taxonomy":"post_tag","embeddable":true,"href":"https:\/\/linitiative.ca\/International\/wp-json\/wp\/v2\/tags?post=138463"}],"curies":[{"name":"wp","href":"https:\/\/api.w.org\/{rel}","templated":true}]}}