{"id":138465,"date":"2022-01-13T16:18:03","date_gmt":"2022-01-13T21:18:03","guid":{"rendered":"https:\/\/linitiative.ca\/International\/covid-19-le-maroc-parmi-cinq-pays-africains-ayant-atteint-lobjectif-mondial-de-vaccination-onu\/"},"modified":"2022-01-13T16:18:03","modified_gmt":"2022-01-13T21:18:03","slug":"covid-19-le-maroc-parmi-cinq-pays-africains-ayant-atteint-lobjectif-mondial-de-vaccination-onu","status":"publish","type":"post","link":"https:\/\/linitiative.ca\/International\/covid-19-le-maroc-parmi-cinq-pays-africains-ayant-atteint-lobjectif-mondial-de-vaccination-onu\/","title":{"rendered":"Covid-19 : Le Maroc parmi cinq pays africains ayant atteint l\u2019objectif mondial de vaccination (ONU)"},"content":{"rendered":"<div>\n<p><img decoding=\"async\" width=\"2560\" height=\"1707\" src=\"https:\/\/linitiative.ca\/International\/wp-content\/uploads\/sites\/23\/2022\/01\/16421086838288.jpg\" class=\"attachment-post-thumbnail size-post-thumbnail wp-post-image\" alt=\"\" loading=\"lazy\"><\/p>\n<p>Le Maroc figure parmi cinq pays africains seulement ayant atteint l&rsquo;objectif des Nations unies consistant \u00e0 vacciner 10% de la population contre le coronavirus avant fin septembre dernier et 40% avant la fin de l&rsquo;ann\u00e9e 2021.Un rapport de l&rsquo;ONU sur la situation et et les perspectives de l&rsquo;\u00e9conomie mondiale en 2022, rendu public jeudi \u00e0 New York, indique que la plupart des pays en Afrique ont vaccin\u00e9 moins de 5% de leur population, n&rsquo;atteignant pas les objectifs de vaccination de l&rsquo;Organisation mondiale de la sant\u00e9 (OMS), pr\u00e9cisant que seuls cinq pays du continent ont r\u00e9alis\u00e9 cet objectif, \u00e0 savoir le Maroc, le Cap vert, Maurice, les Seychelles et la Tunisie.<\/p>\n<p>Selon l&rsquo;OMS, les taux de vaccination restent faibles en Afrique. Seulement 102 millions de personnes, soit 7,5 % de la population, sont enti\u00e8rement vaccin\u00e9es. Plus de 80 % des habitants d&rsquo;Afrique doivent encore recevoir une premi\u00e8re dose de vaccin anti-Covid-19.<\/p>\n<p>D\u00e9cembre dernier, l&rsquo;agence onusienne a fait \u00e9tat d&rsquo;une augmentation de 83 % du nombre de nouveaux cas de Covid-19 en Afrique, aliment\u00e9e par les variants Delta et Omicron.<\/p>\n<p>Se r\u00e9f\u00e9rant sur une nouvelle \u00e9valuation de la pand\u00e9mie qu&rsquo;elle a r\u00e9alis\u00e9e, l&rsquo;OMS a relev\u00e9 que de nouvelles vagues pourraient s&rsquo;accumuler, dans un contexte o\u00f9 le continent pourrait ne pas atteindre une couverture vaccinale de 70 % avant ao\u00fbt 2024.<\/p>\n<p>Cet article <a rel=\"nofollow\" href=\"https:\/\/www.journalducameroun.com\/covid-19-le-maroc-parmi-cinq-pays-africains-ayant-atteint-lobjectif-mondial-de-vaccination-onu\/\">Covid-19 : Le Maroc parmi cinq pays africains ayant atteint l\u2019objectif mondial de vaccination (ONU)<\/a> est apparu en premier sur <a rel=\"nofollow\" href=\"https:\/\/www.journalducameroun.com\/\">Journal du Cameroun<\/a>.<\/p>\n<\/div>\n<p>Auteur: APA News<br \/>\n<a href=\"https:\/\/www.journalducameroun.com\/covid-19-le-maroc-parmi-cinq-pays-africains-ayant-atteint-lobjectif-mondial-de-vaccination-onu\/\">Cliquez ici pour lire l&rsquo;article depuis sa source.<\/a><\/p>\n","protected":false},"excerpt":{"rendered":"<p>Le Maroc figure parmi cinq pays africains seulement ayant atteint l&rsquo;objectif des Nations unies consistant \u00e0 vacciner 10% de la population contre le coronavirus avant fin septembre dernier et 40% avant la fin de l&rsquo;ann\u00e9e 2021.Un rapport de l&rsquo;ONU sur la situation et et les perspectives de l&rsquo;\u00e9conomie mondiale en 2022, rendu public jeudi \u00e0 [&hellip;]<\/p>\n","protected":false},"author":1965,"featured_media":0,"comment_status":"closed","ping_status":"closed","sticky":false,"template":"","format":"standard","meta":{"fifu_image_url":"https:\/\/www.journalducameroun.com\/wp-content\/uploads\/2022\/01\/16421086838288.jpg","fifu_image_alt":"Covid-19 : Le Maroc parmi cinq pays africains ayant atteint l\u2019objectif mondial de vaccination (ONU)","footnotes":""},"categories":[73,82],"tags":[],"class_list":["post-138465","post","type-post","status-publish","format-standard","hentry","category-actualite","category-cameroun"],"_links":{"self":[{"href":"https:\/\/linitiative.ca\/International\/wp-json\/wp\/v2\/posts\/138465","targetHints":{"allow":["GET"]}}],"collection":[{"href":"https:\/\/linitiative.ca\/International\/wp-json\/wp\/v2\/posts"}],"about":[{"href":"https:\/\/linitiative.ca\/International\/wp-json\/wp\/v2\/types\/post"}],"author":[{"embeddable":true,"href":"https:\/\/linitiative.ca\/International\/wp-json\/wp\/v2\/users\/1965"}],"replies":[{"embeddable":true,"href":"https:\/\/linitiative.ca\/International\/wp-json\/wp\/v2\/comments?post=138465"}],"version-history":[{"count":0,"href":"https:\/\/linitiative.ca\/International\/wp-json\/wp\/v2\/posts\/138465\/revisions"}],"wp:attachment":[{"href":"https:\/\/linitiative.ca\/International\/wp-json\/wp\/v2\/media?parent=138465"}],"wp:term":[{"taxonomy":"category","embeddable":true,"href":"https:\/\/linitiative.ca\/International\/wp-json\/wp\/v2\/categories?post=138465"},{"taxonomy":"post_tag","embeddable":true,"href":"https:\/\/linitiative.ca\/International\/wp-json\/wp\/v2\/tags?post=138465"}],"curies":[{"name":"wp","href":"https:\/\/api.w.org\/{rel}","templated":true}]}}