{"id":138475,"date":"2022-01-14T04:05:20","date_gmt":"2022-01-14T09:05:20","guid":{"rendered":"https:\/\/linitiative.ca\/International\/selma-bargach-depuis-longtemps-javais-le-desir-de-mettre-a-lecran-un-personnage-fragile\/"},"modified":"2022-01-14T04:05:20","modified_gmt":"2022-01-14T09:05:20","slug":"selma-bargach-depuis-longtemps-javais-le-desir-de-mettre-a-lecran-un-personnage-fragile","status":"publish","type":"post","link":"https:\/\/linitiative.ca\/International\/selma-bargach-depuis-longtemps-javais-le-desir-de-mettre-a-lecran-un-personnage-fragile\/","title":{"rendered":"Selma Bargach : \u00abDepuis longtemps j\u2019avais le d\u00e9sir de mettre \u00e0 l\u2019\u00e9cran un personnage fragile\u00bb"},"content":{"rendered":"<div>\n<p><img loading=\"lazy\" decoding=\"async\" width=\"300\" height=\"153\" src=\"https:\/\/linitiative.ca\/International\/wp-content\/uploads\/sites\/23\/2022\/01\/Selma-BARGACH-300x153-1.jpg\" class=\"attachment-medium size-medium wp-post-image\" alt=\"\" srcset=\"https:\/\/linitiative.ca\/International\/wp-content\/uploads\/sites\/23\/2022\/01\/Selma-BARGACH-300x153-1.jpg 300w, https:\/\/aujourdhui.ma\/wp-content\/uploads\/2022\/01\/Selma-BARGACH-274x140.jpg 274w, https:\/\/aujourdhui.ma\/wp-content\/uploads\/2022\/01\/Selma-BARGACH.jpg 746w, https:\/\/aujourdhui.ma\/wp-content\/uploads\/2022\/01\/Selma-BARGACH-165x84.jpg 165w, https:\/\/aujourdhui.ma\/wp-content\/uploads\/2022\/01\/Selma-BARGACH-702x358.jpg 702w\" sizes=\"auto, (max-width: 300px) 100vw, 300px\"><\/p>\n<p><strong>Ces enfants sont souvent confront\u00e9s au rejet et \u00e0 l\u2019abandon g\u00e9n\u00e9r\u00e9 par une soci\u00e9t\u00e9 o\u00f9 les \u00eatres sont perdus, parce que pr\u00e9occup\u00e9s par leurs probl\u00e8mes et domin\u00e9s par leurs \u00e9gos.<\/strong> <span id=\"more-397394\"><\/span><\/p>\n<p><strong>ALM : Votre deuxi\u00e8me film \u00abIndigo\u00bb, r\u00e9alis\u00e9 en 2017, est sorti enfin dans les salles obscures, apr\u00e8s avoir \u00e9t\u00e9 retard\u00e9 plusieurs fois \u00e0 cause de la crise sanitaire, quelle est votre impression ?<\/strong><br \/>\n<strong>Selma Bargach :<\/strong> Nous devions le sortir en avril 2020 mais il y a eu le confinement. Le film a continu\u00e9 \u00e0 \u00eatre projet\u00e9 en ligne dans des festivals. Malgr\u00e9 cette crise sanitaire nous \u00e9tions tenus avec les productrices d\u2019Agora Films de sortir le film apr\u00e8s un certain d\u00e9lai. Quand les salles ont ouvert, il y a eu la ru\u00e9e et nous avons d\u00fb attendre notre tour. Cette p\u00e9riode de crise sanitaire est difficile mais on n\u2019a pas le choix.<\/p>\n<p><strong>Votre film aborde plusieurs th\u00e8mes sociaux, \u00e0 savoir la souffrance des enfants diff\u00e9rents, le harc\u00e8lement scolaire\u2026 Quelle est votre intention \u00e0 travers ce film ?<\/strong><br \/>\nMon intention \u00e9tait de raconter une histoire autour d\u2019un enfant indigo (ceux-ci sont des enfants hypersensibles dot\u00e9s de fortes intuitions) et plus g\u00e9n\u00e9ralement du monde de l\u2019enfance o\u00f9 il est souvent douloureux de parler de soi, voire impossible, surtout lorsqu\u2019il s\u2019agit d\u2019\u00e9voquer la diff\u00e9rence. Ces enfants sont souvent confront\u00e9s au rejet et \u00e0 l\u2019abandon g\u00e9n\u00e9r\u00e9 par une soci\u00e9t\u00e9 o\u00f9 les \u00eatres sont perdus, parce que pr\u00e9occup\u00e9s par leurs probl\u00e8mes et domin\u00e9s par leurs \u00e9gos. C\u2019est cette forme d\u2019ali\u00e9nation de l\u2019individu dans un environnement de moins en moins \u00e0 l\u2019\u00e9coute de son monde int\u00e9rieur et de sa spiritualit\u00e9 qui m\u2019a inspir\u00e9e. Depuis longtemps j\u2019avais ce d\u00e9sir de mettre \u00e0 l\u2019\u00e9cran un personnage fragile, ballot\u00e9 entre trois univers, scientifique, traditionnel, et spirituel, et de montrer les limites de chacun d\u2019entre eux dans un Maroc contemporain en prise avec des id\u00e9es re\u00e7ues.<\/p>\n<p><strong>Le r\u00f4le principal (Nora) est camp\u00e9 par la jeune Rim Kettani, \u00e9tait-ce facile pour vous de trouver cette fille ?<\/strong><br \/>\nPlusieurs s\u00e9ances de casting ont eu lieu jusqu\u2019\u00e0 ce que j\u2019aie rencontr\u00e9 Rim Kettani en qui j\u2019ai trouv\u00e9 une grande potentialit\u00e9. J\u2019ai tout de suite su que ce serait elle. Je lui ai fait faire des essais avec Mohamed Wahib Abkari qui joue le r\u00f4le du fr\u00e8re. J\u2019ai ador\u00e9 leur complicit\u00e9. Ils \u00e9taient sur le m\u00eame diapason comme de vrais fr\u00e8re et s\u0153ur. J\u2019ai pu effectuer le casting dans un grand confort. Je n\u2019aurais pas pu achever ce film sans le soutien des productrices Souad Lamriki et B\u00e9n\u00e9dicte Bellocq.<\/p>\n<p><strong>Le film met \u00e9galement en sc\u00e8ne des acteurs marocains bien connus sur la sc\u00e8ne cin\u00e9matographique \u00e0 l\u2019instar de Khouloud B\u00e9tioui, Karim Saidi, Malek Akhmiss, Aicha Mahmah\u2026 Comment s\u2019est fait le choix de cette s\u00e9lection ?<\/strong><br \/>\nJ\u2019avais ador\u00e9 diriger Khouloud sur mon premier long m\u00e9trage \u00abLa 5\u00e8me Corde\u00bb. Je l\u2019avais en t\u00eate pendant l\u2019\u00e9criture. Khouloud est un r\u00f4le aussi important que ceux de Rim Kettani et de Marwa Khalil. C\u2019est un r\u00f4le dur o\u00f9 elle devait compl\u00e8tement sortir des personnages qu\u2019elle a incarn\u00e9s dans les autres films alors que Marwa devait jouer un personnage boh\u00e8me, un peu perch\u00e9. Karim Saidi a commenc\u00e9 sa carri\u00e8re en jouant dans un de mes courts m\u00e9trages et j\u2019avais envie de renouveler l\u2019exp\u00e9rience apr\u00e8s son tr\u00e8s beau parcours en lui proposant un personnage affaibli par sa peur de l\u2019engagement. Que ce soit Karim Saidi ou Malek Akhmiss, j\u2019aime beaucoup leur personnalit\u00e9, leur jeu. Ce sont deux grands com\u00e9diens. Au-del\u00e0 du r\u00f4le du professeur narcissique qu\u2019interpr\u00e8te Malek Akhmiss, il y a aussi un personnage qui symbolise les \u00e9cueils du syst\u00e8me \u00e9ducatif.<br \/>\nCela a \u00e9t\u00e9 un vrai honneur qu\u2019Aicha Mahmah, cette immense actrice, accepte d\u2019incarner le personnage de la voisine \u00abla berguaga\u00bb comme on en conna\u00eet tous mais qui fait partie de ce lot de personnages \u00e9gar\u00e9s. Et il y a tous les autres grands acteurs comme Fadoua Taleb, Sarah Perles, mais aussi Rabii Skalli, Souad Mokrini, Jalal Bouftaim, Mohamed Boughaba, Ahmed Oulad, Brahim Hachoumi, Naima Oumad, Najia Tourougui qui ont accept\u00e9 d\u2019appara\u00eetre dans des sc\u00e8nes importantes.<\/p>\n<p><strong>Le film a \u00e9t\u00e9 projet\u00e9 dans plusieurs festivals internationaux (Fespaco, Festival africain de Khouribga, Zanzibar International Film Festival\u2026), quels sont les \u00e9chos que vous avez eus de son accueil ?<\/strong><br \/>\nIndigo a voyag\u00e9 \u00e0 travers le monde et remport\u00e9 plusieurs r\u00e9compenses dont le Prix de la critique africaine Paulin Soumanou au Fespaco et le prix prestigieux du CIFEJ d\u00e9cern\u00e9 aux meilleurs films internationaux dans lesquels des enfants jouent. Il y a eu \u00e9galement d\u2019autres prix dont celui de meilleure actrice pour Khouloud au Festival du film africain de Khouribga et \u00e9galement au Festival cin\u00e9 ville de Casablanca ; meilleur film africain au Festival du film<br \/>\nMashariki, meilleur sc\u00e9nario au Festival Ecrans Noirs, et d\u2019autres prix. Le film a fait le tour du monde, \u00c9tats-Unis, Afrique, Europe, \u2026 et \u00e0 chaque fois j\u2019\u00e9tais heureuse de voir des salles pleines, des d\u00e9bats anim\u00e9s, et de belles critiques. Mais ce qui m\u2019a le plus surprise c\u2019est qu\u2019\u00e0 chaque fois il y a des personnes du public qui sont venues me remercier d\u2019avoir choisi de parler des enfants indigo parce qu\u2019ils se reconnaissaient compl\u00e8tement dans Nora et que c\u2019est la premi\u00e8re fois qu\u2019un film en parle dans nos soci\u00e9t\u00e9s arabes et africaines.<\/p>\n<p><strong>Quels sont vos projets ?<\/strong><br \/>\nTout ce que je peux dire c\u2019est que je suis en pleine \u00e9criture de mon troisi\u00e8me long m\u00e9trage.<\/p>\n<\/div>\n<p>Auteur: Siham Jadraoui<br \/>\n<a href=\"https:\/\/aujourdhui.ma\/culture\/selma-bargach-depuis-longtemps-javais-le-desir-de-mettre-a-lecran-un-personnage-fragile\">Cliquez ici pour lire l&rsquo;article depuis sa source.<\/a><\/p>\n","protected":false},"excerpt":{"rendered":"<p>Ces enfants sont souvent confront\u00e9s au rejet et \u00e0 l\u2019abandon g\u00e9n\u00e9r\u00e9 par une soci\u00e9t\u00e9 o\u00f9 les \u00eatres sont perdus, parce que pr\u00e9occup\u00e9s par leurs probl\u00e8mes et domin\u00e9s par leurs \u00e9gos. ALM : Votre deuxi\u00e8me film \u00abIndigo\u00bb, r\u00e9alis\u00e9 en 2017, est sorti enfin dans les salles obscures, apr\u00e8s avoir \u00e9t\u00e9 retard\u00e9 plusieurs fois \u00e0 cause de [&hellip;]<\/p>\n","protected":false},"author":1759,"featured_media":0,"comment_status":"closed","ping_status":"closed","sticky":false,"template":"","format":"standard","meta":{"fifu_image_url":"https:\/\/aujourdhui.ma\/wp-content\/uploads\/2022\/01\/Selma-BARGACH-300x153.jpg","fifu_image_alt":"Selma Bargach : \u00abDepuis longtemps j\u2019avais le d\u00e9sir de mettre \u00e0 l\u2019\u00e9cran un personnage fragile\u00bb","footnotes":""},"categories":[73,54],"tags":[],"class_list":["post-138475","post","type-post","status-publish","format-standard","hentry","category-actualite","category-maroc"],"_links":{"self":[{"href":"https:\/\/linitiative.ca\/International\/wp-json\/wp\/v2\/posts\/138475","targetHints":{"allow":["GET"]}}],"collection":[{"href":"https:\/\/linitiative.ca\/International\/wp-json\/wp\/v2\/posts"}],"about":[{"href":"https:\/\/linitiative.ca\/International\/wp-json\/wp\/v2\/types\/post"}],"author":[{"embeddable":true,"href":"https:\/\/linitiative.ca\/International\/wp-json\/wp\/v2\/users\/1759"}],"replies":[{"embeddable":true,"href":"https:\/\/linitiative.ca\/International\/wp-json\/wp\/v2\/comments?post=138475"}],"version-history":[{"count":0,"href":"https:\/\/linitiative.ca\/International\/wp-json\/wp\/v2\/posts\/138475\/revisions"}],"wp:attachment":[{"href":"https:\/\/linitiative.ca\/International\/wp-json\/wp\/v2\/media?parent=138475"}],"wp:term":[{"taxonomy":"category","embeddable":true,"href":"https:\/\/linitiative.ca\/International\/wp-json\/wp\/v2\/categories?post=138475"},{"taxonomy":"post_tag","embeddable":true,"href":"https:\/\/linitiative.ca\/International\/wp-json\/wp\/v2\/tags?post=138475"}],"curies":[{"name":"wp","href":"https:\/\/api.w.org\/{rel}","templated":true}]}}