{"id":138477,"date":"2022-01-14T08:39:15","date_gmt":"2022-01-14T13:39:15","guid":{"rendered":"https:\/\/linitiative.ca\/International\/barid-al-maghrib-celebre-le-10eme-anniversaire-du-jardin-zoologique-de-rabat-a-travers-un-timbre-poste\/"},"modified":"2022-01-14T08:39:15","modified_gmt":"2022-01-14T13:39:15","slug":"barid-al-maghrib-celebre-le-10eme-anniversaire-du-jardin-zoologique-de-rabat-a-travers-un-timbre-poste","status":"publish","type":"post","link":"https:\/\/linitiative.ca\/International\/barid-al-maghrib-celebre-le-10eme-anniversaire-du-jardin-zoologique-de-rabat-a-travers-un-timbre-poste\/","title":{"rendered":"Barid Al-Maghrib c\u00e9l\u00e8bre le 10\u00e8me anniversaire du Jardin Zoologique de Rabat \u00e0 travers un timbre-poste"},"content":{"rendered":"<div>\n<p><img loading=\"lazy\" decoding=\"async\" width=\"300\" height=\"153\" src=\"https:\/\/linitiative.ca\/International\/wp-content\/uploads\/sites\/23\/2022\/01\/Barid-Al-Maghrib-300x153-1.jpg\" class=\"attachment-medium size-medium wp-post-image\" alt=\"\" srcset=\"https:\/\/linitiative.ca\/International\/wp-content\/uploads\/sites\/23\/2022\/01\/Barid-Al-Maghrib-300x153-1.jpg 300w, https:\/\/aujourdhui.ma\/wp-content\/uploads\/2022\/01\/Barid-Al-Maghrib-274x140.jpg 274w, https:\/\/aujourdhui.ma\/wp-content\/uploads\/2022\/01\/Barid-Al-Maghrib.jpg 746w, https:\/\/aujourdhui.ma\/wp-content\/uploads\/2022\/01\/Barid-Al-Maghrib-165x84.jpg 165w, https:\/\/aujourdhui.ma\/wp-content\/uploads\/2022\/01\/Barid-Al-Maghrib-702x358.jpg 702w\" sizes=\"auto, (max-width: 300px) 100vw, 300px\"><\/p>\n<p style=\"text-align: justify; margin: 6.0pt 0in 6.0pt 0in;\"><strong>Le Groupe Barid Al-Maghrib<span style=\"background: white;\"> proc\u00e8de, le 14 janvier 2022, en partenariat avec le Jardin Zoologique de Rabat, \u00e0 l\u2019\u00e9mission sp\u00e9ciale d\u2019un timbre-poste pour c\u00e9l\u00e9brer le 10<\/span><sup><span style=\"font-size: 7.0pt; background: white;\">\u00e8me<\/span><\/sup><span style=\"background: white;\">\u00a0anniversaire de ce dernier.<\/span><\/strong><span id=\"more-397401\"><\/span><\/p>\n<p style=\"text-align: justify; margin: 6.0pt 0in 6.0pt 0in;\"><span style=\"background: white;\">Selon le groupe, le Jardin Zoologique de Rabat est une structure de tr\u00e8s grande qualit\u00e9, construite en conformit\u00e9 avec les normes internationales en la mati\u00e8re et les exigences du d\u00e9veloppement durable. Cette institution, qui a accueilli environ 5,5 millions de visiteurs depuis son ouverture en 2012, a pour missions principales de pr\u00e9senter la richesse des \u00e9cosyst\u00e8mes naturels du Royaume, de constituer un espace de conservation des esp\u00e8ces animales marocaines et africaines et de mener des recherches scientifiques pour une connaissance approfondie des esp\u00e8ces rares, en particulier celles menac\u00e9es de disparition.\u00a0<\/span><\/p>\n<p style=\"text-align: justify; margin: 6.0pt 0in 6.0pt 0in;\"><span style=\"background: white;\">Rappelons qu\u2019un bloc de quatre timbres-poste avait \u00e9t\u00e9 \u00e9mis lors de l\u2019inauguration du m\u00eame Jardin Zoologique de Rabat, en 2012.\u00a0<\/span><\/p>\n<p style=\"text-align: justify; margin: 6.0pt 0in 6.0pt 0in;\"><span style=\"background: white;\">Ce timbre-poste qui rentre dans le cadre du programme annuel des \u00e9missions sp\u00e9ciales consacr\u00e9es \u00e0 la th\u00e9matique de l\u2019environnement, vient enrichir la collection philat\u00e9lique d\u00e9di\u00e9e au milieu animalier (coquillages, poissons, mammif\u00e8res, oiseaux, papillons, etc.), et ce depuis 1962. A titre d\u2019exemple, on peut citer les \u00e9missions li\u00e9es directement \u00e0 la th\u00e9matique de l\u2019environnement telles que \u00ab\u00a0Journ\u00e9e mondiale de l\u2019environnement\u00a0\u00bb en 2020, \u00ab\u00a0l\u2019abeille et le citronnier\u00a0\u00bb en 2019, \u00ab\u00a0Ann\u00e9e Internationale de La Diversit\u00e9 Biologique\u00a0\u00bb et \u00ab\u00a0Journ\u00e9e de la Terre\u00a0\u00bb en 2010, ou alors la s\u00e9rie des deux timbres-poste illustrant \u00ab\u00a0le lion de l\u2019Atlas\u00a0\u00bb et le singe \u00ab\u00a0le Magot\u00a0\u00bb en 2006.<\/span><\/p>\n<\/div>\n<p>Auteur: ALM<br \/>\n<a href=\"https:\/\/aujourdhui.ma\/actualite\/barid-al-maghrib-celebre-le-10eme-anniversaire-du-jardin-zoologique-de-rabat-a-travers-un-timbre-poste\">Cliquez ici pour lire l&rsquo;article depuis sa source.<\/a><\/p>\n","protected":false},"excerpt":{"rendered":"<p>Le Groupe Barid Al-Maghrib proc\u00e8de, le 14 janvier 2022, en partenariat avec le Jardin Zoologique de Rabat, \u00e0 l\u2019\u00e9mission sp\u00e9ciale d\u2019un timbre-poste pour c\u00e9l\u00e9brer le 10\u00e8me\u00a0anniversaire de ce dernier. Selon le groupe, le Jardin Zoologique de Rabat est une structure de tr\u00e8s grande qualit\u00e9, construite en conformit\u00e9 avec les normes internationales en la mati\u00e8re et [&hellip;]<\/p>\n","protected":false},"author":1759,"featured_media":0,"comment_status":"closed","ping_status":"closed","sticky":false,"template":"","format":"standard","meta":{"fifu_image_url":"https:\/\/aujourdhui.ma\/wp-content\/uploads\/2022\/01\/Barid-Al-Maghrib-300x153.jpg","fifu_image_alt":"Barid Al-Maghrib c\u00e9l\u00e8bre le 10\u00e8me anniversaire du Jardin Zoologique de Rabat \u00e0 travers un timbre-poste","footnotes":""},"categories":[73,54],"tags":[],"class_list":["post-138477","post","type-post","status-publish","format-standard","hentry","category-actualite","category-maroc"],"_links":{"self":[{"href":"https:\/\/linitiative.ca\/International\/wp-json\/wp\/v2\/posts\/138477","targetHints":{"allow":["GET"]}}],"collection":[{"href":"https:\/\/linitiative.ca\/International\/wp-json\/wp\/v2\/posts"}],"about":[{"href":"https:\/\/linitiative.ca\/International\/wp-json\/wp\/v2\/types\/post"}],"author":[{"embeddable":true,"href":"https:\/\/linitiative.ca\/International\/wp-json\/wp\/v2\/users\/1759"}],"replies":[{"embeddable":true,"href":"https:\/\/linitiative.ca\/International\/wp-json\/wp\/v2\/comments?post=138477"}],"version-history":[{"count":0,"href":"https:\/\/linitiative.ca\/International\/wp-json\/wp\/v2\/posts\/138477\/revisions"}],"wp:attachment":[{"href":"https:\/\/linitiative.ca\/International\/wp-json\/wp\/v2\/media?parent=138477"}],"wp:term":[{"taxonomy":"category","embeddable":true,"href":"https:\/\/linitiative.ca\/International\/wp-json\/wp\/v2\/categories?post=138477"},{"taxonomy":"post_tag","embeddable":true,"href":"https:\/\/linitiative.ca\/International\/wp-json\/wp\/v2\/tags?post=138477"}],"curies":[{"name":"wp","href":"https:\/\/api.w.org\/{rel}","templated":true}]}}