{"id":138479,"date":"2022-01-14T08:57:03","date_gmt":"2022-01-14T13:57:03","guid":{"rendered":"https:\/\/linitiative.ca\/International\/retraite-publique-mme-fettah-alaoui-salue-la-nouvelle-vision-strategique-de-la-cmr\/"},"modified":"2022-01-14T08:57:03","modified_gmt":"2022-01-14T13:57:03","slug":"retraite-publique-mme-fettah-alaoui-salue-la-nouvelle-vision-strategique-de-la-cmr","status":"publish","type":"post","link":"https:\/\/linitiative.ca\/International\/retraite-publique-mme-fettah-alaoui-salue-la-nouvelle-vision-strategique-de-la-cmr\/","title":{"rendered":"Retraite publique: Mme Fettah Alaoui salue la nouvelle vision strat\u00e9gique de la CMR"},"content":{"rendered":"<div>\n<p><img loading=\"lazy\" decoding=\"async\" width=\"300\" height=\"153\" src=\"https:\/\/linitiative.ca\/International\/wp-content\/uploads\/sites\/23\/2022\/01\/Nadia-Fettah-Alaoui-300x153-1.jpg\" class=\"attachment-medium size-medium wp-post-image\" alt=\"\" srcset=\"https:\/\/linitiative.ca\/International\/wp-content\/uploads\/sites\/23\/2022\/01\/Nadia-Fettah-Alaoui-300x153-1.jpg 300w, https:\/\/aujourdhui.ma\/wp-content\/uploads\/2022\/01\/Nadia-Fettah-Alaoui-274x140.jpg 274w, https:\/\/aujourdhui.ma\/wp-content\/uploads\/2022\/01\/Nadia-Fettah-Alaoui.jpg 746w, https:\/\/aujourdhui.ma\/wp-content\/uploads\/2022\/01\/Nadia-Fettah-Alaoui-165x84.jpg 165w, https:\/\/aujourdhui.ma\/wp-content\/uploads\/2022\/01\/Nadia-Fettah-Alaoui-702x358.jpg 702w\" sizes=\"auto, (max-width: 300px) 100vw, 300px\"><\/p>\n<p><strong>La ministre de l\u2019Economie et des Finances, Nadia Fettah Alaoui, s\u2019est f\u00e9licit\u00e9e, vendredi, de la nouvelle vision strat\u00e9gique 2022-2024 de la Caisse Marocaine des Retraites (CMR), qui renforcerait le r\u00f4le de la Caisse en tant qu\u2019\u00a0\u00bbacteur de confiance\u00a0\u00bb pour une gestion transparente, performante et agile de la retraite publique.<\/strong><span id=\"more-397406\"><\/span><\/p>\n<p>Mme Fettah Alaoui qui pr\u00e9sidait, par visioconf\u00e9rence, la r\u00e9union du Conseil d\u2019Administration de la CMR, a \u00e9galement salu\u00e9 le bilan positif de la r\u00e9alisation du contrat-programme 2018-2020 de la CMR, souligne un communiqu\u00e9 de la Caisse.<\/p>\n<p>Dans son allocution d\u2019ouverture, la ministre a \u00e9galement mis l\u2019accent sur l\u2019importance d\u2019entamer la deuxi\u00e8me phase de la r\u00e9forme des r\u00e9gimes de retraite qui vise la mise en place du p\u00f4le public. Cit\u00e9e par le communiqu\u00e9, Mme Fettah Alaoui a rappel\u00e9 le r\u00f4le important de la CMR dans le syst\u00e8me national de retraite \u00e0 travers la gestion des droits de plus de 2 millions d\u2019affili\u00e9s et retrait\u00e9s et son r\u00f4le d\u2019investisseur institutionnel de premier plan.<\/p>\n<p>En relation avec la nouvelle loi-cadre relative \u00e0 la r\u00e9forme des \u00e9tablissements et entreprises publics, la ministre a soulign\u00e9 que la CMR reste soucieuse de s\u2019engager dans cette r\u00e9forme pour consolider son r\u00f4le strat\u00e9gique dans la mise en \u0153uvre des politiques publiques et des strat\u00e9gies sectorielles de l\u2019Etat et renforcer sa performance. Elle a \u00e9galement salu\u00e9 l\u2019implication positive et pr\u00e9coce de la Caisse dans la mise en application des dispositions de la loi 55.19 relative \u00e0 la simplification des proc\u00e9dures et des d\u00e9marches administratives.<\/p>\n<p>Pour le Conseil d\u2019Administration, il a \u00e9t\u00e9 question de souligner l\u2019int\u00e9r\u00eat du passage de la CMR au contr\u00f4le d\u2019accompagnement et l\u2019opportunit\u00e9 de conclure un nouveau contrat-programme avec l\u2019\u00c9tat pour la p\u00e9riode 2022-2024, note le communiqu\u00e9.<\/p>\n<p>S\u2019agissant de la situation financi\u00e8re du R\u00e9gime des pensions civiles, le Conseil a incit\u00e9 les pouvoirs publics \u00e0 entreprendre les mesures n\u00e9cessaires pour se conformer aux dispositions r\u00e9glementaires r\u00e9gissant l\u2019\u00e9quilibre financier de ce r\u00e9gime, ajoute la m\u00eame source.<\/p>\n<p>Les travaux de cette session ont port\u00e9 principalement sur l\u2019arr\u00eat\u00e9 des comptes de la CMR au titre de l\u2019exercice 2020 et l\u2019approbation de la nouvelle vision strat\u00e9gique de la Caisse et son plan d\u2019action pour la p\u00e9riode 2022-2024, ainsi que du plan d\u2019action et du budget de l\u2019ann\u00e9e 2022.<\/p>\n<\/div>\n<p>Auteur: ALM<br \/>\n<a href=\"https:\/\/aujourdhui.ma\/actualite\/retraite-publique-mme-fettah-alaoui-salue-la-nouvelle-vision-strategique-de-la-cmr\">Cliquez ici pour lire l&rsquo;article depuis sa source.<\/a><\/p>\n","protected":false},"excerpt":{"rendered":"<p>La ministre de l\u2019Economie et des Finances, Nadia Fettah Alaoui, s\u2019est f\u00e9licit\u00e9e, vendredi, de la nouvelle vision strat\u00e9gique 2022-2024 de la Caisse Marocaine des Retraites (CMR), qui renforcerait le r\u00f4le de la Caisse en tant qu\u2019\u00a0\u00bbacteur de confiance\u00a0\u00bb pour une gestion transparente, performante et agile de la retraite publique. Mme Fettah Alaoui qui pr\u00e9sidait, par [&hellip;]<\/p>\n","protected":false},"author":1759,"featured_media":0,"comment_status":"closed","ping_status":"closed","sticky":false,"template":"","format":"standard","meta":{"fifu_image_url":"https:\/\/aujourdhui.ma\/wp-content\/uploads\/2022\/01\/Nadia-Fettah-Alaoui-300x153.jpg","fifu_image_alt":"Retraite publique: Mme Fettah Alaoui salue la nouvelle vision strat\u00e9gique de la CMR","footnotes":""},"categories":[73,54],"tags":[],"class_list":["post-138479","post","type-post","status-publish","format-standard","hentry","category-actualite","category-maroc"],"_links":{"self":[{"href":"https:\/\/linitiative.ca\/International\/wp-json\/wp\/v2\/posts\/138479","targetHints":{"allow":["GET"]}}],"collection":[{"href":"https:\/\/linitiative.ca\/International\/wp-json\/wp\/v2\/posts"}],"about":[{"href":"https:\/\/linitiative.ca\/International\/wp-json\/wp\/v2\/types\/post"}],"author":[{"embeddable":true,"href":"https:\/\/linitiative.ca\/International\/wp-json\/wp\/v2\/users\/1759"}],"replies":[{"embeddable":true,"href":"https:\/\/linitiative.ca\/International\/wp-json\/wp\/v2\/comments?post=138479"}],"version-history":[{"count":0,"href":"https:\/\/linitiative.ca\/International\/wp-json\/wp\/v2\/posts\/138479\/revisions"}],"wp:attachment":[{"href":"https:\/\/linitiative.ca\/International\/wp-json\/wp\/v2\/media?parent=138479"}],"wp:term":[{"taxonomy":"category","embeddable":true,"href":"https:\/\/linitiative.ca\/International\/wp-json\/wp\/v2\/categories?post=138479"},{"taxonomy":"post_tag","embeddable":true,"href":"https:\/\/linitiative.ca\/International\/wp-json\/wp\/v2\/tags?post=138479"}],"curies":[{"name":"wp","href":"https:\/\/api.w.org\/{rel}","templated":true}]}}