{"id":138489,"date":"2022-01-13T13:00:00","date_gmt":"2022-01-13T18:00:00","guid":{"rendered":"https:\/\/linitiative.ca\/International\/lisbonne-salue-le-role-determinant-du-maroc\/"},"modified":"2022-01-13T13:00:00","modified_gmt":"2022-01-13T18:00:00","slug":"lisbonne-salue-le-role-determinant-du-maroc","status":"publish","type":"post","link":"https:\/\/linitiative.ca\/International\/lisbonne-salue-le-role-determinant-du-maroc\/","title":{"rendered":"Lisbonne salue le r\u00f4le d\u00e9terminant du Maroc"},"content":{"rendered":"<div>\n<p class=\"has-text-align-center has-vivid-red-color has-text-color\"><strong>Stabilit\u00e9 et d\u00e9veloppement en Afrique<\/strong><\/p>\n<p class=\"has-black-color has-text-color\"><strong>Le ministre d\u2019\u00c9tat et des Affaires \u00c9trang\u00e8res du Portugal, M. Augusto Santos Silva a salu\u00e9, mercredi, le r\u00f4le d\u00e9terminant du Maroc, en tant que pourvoyeur de stabilit\u00e9 dans la r\u00e9gion et relais de croissance pour le d\u00e9veloppement en Afrique.<\/strong><\/p>\n<p class=\"has-black-color has-text-color\">Le chef de la diplomatie portugaise a fait cette d\u00e9claration lors d\u2019un entretien par visioconf\u00e9rence avec M. Nasser Bourita, ministre des Affaires \u00c9trang\u00e8res, de la Coop\u00e9ration Africaine et des Marocains R\u00e9sidant \u00e0 l\u2019\u00c9tranger.<br \/>Les \u00e9changes entre les deux ministres ont port\u00e9 sur les questions r\u00e9gionales et internationales en confirmant leurs convergences de vues quant aux efforts s\u00e9rieux et cr\u00e9dibles men\u00e9s dans ce cadre pour le r\u00e8glement pacifique des conflits, indique un communiqu\u00e9 du minist\u00e8re des Affaires \u00c9trang\u00e8res, de la Coop\u00e9ration Africaine et des Marocains R\u00e9sidant \u00e0 l\u2019\u00c9tranger.<\/p>\n<p class=\"has-black-color has-text-color\">MM. Bourita et Santos Silva ont r\u00e9affirm\u00e9, \u00e0 cette occasion, l\u2019importance de poursuivre la m\u00eame dynamique au niveau multilat\u00e9ral et au sein des instances internationales.<br \/>Ils se sont f\u00e9licit\u00e9s, par ailleurs, de l\u2019excellence des relations bilat\u00e9rales et de leur caract\u00e8re dynamique et avant-gardiste, tout en soulignant la n\u00e9cessit\u00e9 de les renforcer pour les rehausser au niveau du partenariat strat\u00e9gique entre les deux pays, qui ont renforc\u00e9 leurs relations \u00e9conomiques par la cr\u00e9ation en novembre dernier d\u2019un conseil d\u2019affaires qui s\u2019assigne pour objectif de recentrer les priorit\u00e9s, de consolider les acquis et d\u2019explorer de nouvelles pistes novatrices pour un partenariat \u00e9conomique avanc\u00e9.<\/p>\n<p class=\"has-black-color has-text-color\">Le chef de la diplomatie portugaise a salu\u00e9, dans ce cadre, les r\u00e9formes de grande envergure entreprises au Maroc au cours des deux derni\u00e8res d\u00e9cennies sous la conduite \u00e9clair\u00e9e de Sa Majest\u00e9 le Roi Mohammed VI et s\u2019est r\u00e9joui du Nouveau Mod\u00e8le de D\u00e9veloppement et de la promotion d\u2019une r\u00e9gionalisation avanc\u00e9e au Royaume.<br \/>S\u2019agissant de la 14\u00e8me session de la R\u00e9union de Haut Niveau, pr\u00e9vue au Portugal, les deux ministres se sont accord\u00e9s \u00e0 en faire une occasion pour donner aux relations bilat\u00e9rales une impulsion \u00e0 la hauteur des ambitions partag\u00e9es, \u00e0 travers l\u2019exploration de nouvelles opportunit\u00e9s et la cr\u00e9ation des synergies en termes de chaines de valeurs, promotion des investissements et coop\u00e9ration triangulaire, ajoute le communiqu\u00e9.<\/p>\n<p class=\"has-black-color has-text-color\">Ils se sont par ailleurs f\u00e9licit\u00e9s de la gestion exemplaire de la pand\u00e9mie, \u00e0 la lumi\u00e8re de la r\u00e9ussite de la campagne de vaccination r\u00e9alis\u00e9e dans chacun des deux pays. Le ministre portugais a r\u00e9it\u00e9r\u00e9 l\u2019attachement de son pays au partenariat strat\u00e9gique entre le Maroc et l\u2019Union europ\u00e9enne et affirm\u00e9 le soutien direct du Portugal \u00e0 travers la saisine directe de la CJUE en soutien \u00e0 l\u2019appel introduit par le Conseil concernant les arr\u00eats du tribunal de l\u2019UE au sujet des accords agricole et de p\u00eache Maroc-UE.<\/p>\n<p>L\u2019article <a rel=\"nofollow\" href=\"http:\/\/albayane.press.ma\/lisbonne-salue-le-role-determinant-du-maroc.html\">Lisbonne salue le r\u00f4le d\u00e9terminant du Maroc<\/a> est apparu en premier sur <a rel=\"nofollow\" href=\"http:\/\/albayane.press.ma\/\">ALBAYANE<\/a>.<\/p>\n<\/div>\n<p>Auteur: M&rsquo;hammed rahal<br \/>\n<a href=\"http:\/\/albayane.press.ma\/lisbonne-salue-le-role-determinant-du-maroc.html\">Cliquez ici pour lire l&rsquo;article depuis sa source.<\/a><\/p>\n","protected":false},"excerpt":{"rendered":"<p>Stabilit\u00e9 et d\u00e9veloppement en Afrique Le ministre d\u2019\u00c9tat et des Affaires \u00c9trang\u00e8res du Portugal, M. Augusto Santos Silva a salu\u00e9, mercredi, le r\u00f4le d\u00e9terminant du Maroc, en tant que pourvoyeur de stabilit\u00e9 dans la r\u00e9gion et relais de croissance pour le d\u00e9veloppement en Afrique. Le chef de la diplomatie portugaise a fait cette d\u00e9claration lors [&hellip;]<\/p>\n","protected":false},"author":1760,"featured_media":0,"comment_status":"closed","ping_status":"closed","sticky":false,"template":"","format":"standard","meta":{"fifu_image_url":"","fifu_image_alt":"","footnotes":""},"categories":[73,54],"tags":[],"class_list":["post-138489","post","type-post","status-publish","format-standard","hentry","category-actualite","category-maroc"],"_links":{"self":[{"href":"https:\/\/linitiative.ca\/International\/wp-json\/wp\/v2\/posts\/138489","targetHints":{"allow":["GET"]}}],"collection":[{"href":"https:\/\/linitiative.ca\/International\/wp-json\/wp\/v2\/posts"}],"about":[{"href":"https:\/\/linitiative.ca\/International\/wp-json\/wp\/v2\/types\/post"}],"author":[{"embeddable":true,"href":"https:\/\/linitiative.ca\/International\/wp-json\/wp\/v2\/users\/1760"}],"replies":[{"embeddable":true,"href":"https:\/\/linitiative.ca\/International\/wp-json\/wp\/v2\/comments?post=138489"}],"version-history":[{"count":0,"href":"https:\/\/linitiative.ca\/International\/wp-json\/wp\/v2\/posts\/138489\/revisions"}],"wp:attachment":[{"href":"https:\/\/linitiative.ca\/International\/wp-json\/wp\/v2\/media?parent=138489"}],"wp:term":[{"taxonomy":"category","embeddable":true,"href":"https:\/\/linitiative.ca\/International\/wp-json\/wp\/v2\/categories?post=138489"},{"taxonomy":"post_tag","embeddable":true,"href":"https:\/\/linitiative.ca\/International\/wp-json\/wp\/v2\/tags?post=138489"}],"curies":[{"name":"wp","href":"https:\/\/api.w.org\/{rel}","templated":true}]}}