{"id":138492,"date":"2022-01-13T13:00:00","date_gmt":"2022-01-13T18:00:00","guid":{"rendered":"https:\/\/linitiative.ca\/International\/plus-de-12-000-saisonnieres-marocaines-en-espagne\/"},"modified":"2022-01-13T13:00:00","modified_gmt":"2022-01-13T18:00:00","slug":"plus-de-12-000-saisonnieres-marocaines-en-espagne","status":"publish","type":"post","link":"https:\/\/linitiative.ca\/International\/plus-de-12-000-saisonnieres-marocaines-en-espagne\/","title":{"rendered":"Plus de 12.000 saisonni\u00e8res marocaines en Espagne"},"content":{"rendered":"<div>\n<p class=\"has-text-align-center has-vivid-red-color has-text-color\"><strong>Campagne de cueillette des fruits rouges<\/strong><\/p>\n<p class=\"has-black-color has-text-color\"><strong>Un premier contingent compos\u00e9 de 830 saisonni\u00e8res marocaines qui travailleront dans les plantations de fruits rouges dans le Sud de l\u2019Espagne est arriv\u00e9, mercredi soir, au port d\u2019Alg\u00e9siras, a indiqu\u00e9 la sous-d\u00e9l\u00e9gation du gouvernement espagnol \u00e0 Huelva.<\/strong><\/p>\n<p class=\"has-black-color has-text-color\">Au total, 12.300 travailleuses marocaines, soit quasiment le m\u00eame contingent que la saison derni\u00e8re, apporteront leur contribution au bon d\u00e9roulement de la campagne de r\u00e9colte de fraises et de fruits rouges en Andalousie dans le cadre de la campagne agricole de cette ann\u00e9e.<\/p>\n<p class=\"has-black-color has-text-color\">L\u2019arriv\u00e9e des saisonni\u00e8res marocaines, pr\u00e9vue initialement fin d\u00e9cembre dernier, \u00e9t\u00e9 report\u00e9e en raison de la situation internationale li\u00e9e \u00e0 la propagation de la pand\u00e9mie du Covid-19.<br \/>Les b\u00e9n\u00e9ficiaires de cette op\u00e9ration arriveront en Espagne \u00e0 bord d\u2019environ 15 ou 16 navires avec une capacit\u00e9 comprise entre 800 et 1.000 personnes par navire, selon l\u2019association agraire des jeunes agriculteurs de Huelva (Asaja-Huelva), pr\u00e9cisant que ces navires transporteront seulement les ouvri\u00e8res marocaines.<\/p>\n<p class=\"has-black-color has-text-color\">Apr\u00e8s ce premier contingent, l\u2019ensemble du dispositif se poursuivra avec l\u2019arriv\u00e9e programm\u00e9e d\u2019un bateau chaque semaine jusqu\u2019\u00e0 ce que la fr\u00e9quence soit doubl\u00e9e \u00e0 la fin du mois de janvier.<br \/>En f\u00e9vrier, la cadence sera acc\u00e9l\u00e9r\u00e9e avec deux bateaux par semaine. Le nombre des travailleuses saisonni\u00e8res augmentera lors des mois de mars et avril co\u00efncidant avec la phase la plus importante de cette campagne agricole concernant les fruits rouges.<\/p>\n<p class=\"has-black-color has-text-color\">Des consultantes du Plan \u00c9thique, Travail et Responsabilit\u00e9 Sociale de l\u2019association interprofessionnelle de la fili\u00e8re de la fraise (Prelsi) ont \u00e9t\u00e9 d\u00e9sign\u00e9es pour collaborer dans l\u2019accueil des saisonni\u00e8res marocaines afin d\u2019acc\u00e9l\u00e9rer les proc\u00e9dures d\u2019entr\u00e9e au niveau de l\u2019a\u00e9roport d\u2019Alg\u00e9siras.<\/p>\n<p>L\u2019article <a rel=\"nofollow\" href=\"http:\/\/albayane.press.ma\/plus-de-12-000-saisonnieres-marocaines-en-espagne.html\">Plus de 12.000 saisonni\u00e8res marocaines en Espagne<\/a> est apparu en premier sur <a rel=\"nofollow\" href=\"http:\/\/albayane.press.ma\/\">ALBAYANE<\/a>.<\/p>\n<\/div>\n<p>Auteur: M&rsquo;hammed rahal<br \/>\n<a href=\"http:\/\/albayane.press.ma\/plus-de-12-000-saisonnieres-marocaines-en-espagne.html\">Cliquez ici pour lire l&rsquo;article depuis sa source.<\/a><\/p>\n","protected":false},"excerpt":{"rendered":"<p>Campagne de cueillette des fruits rouges Un premier contingent compos\u00e9 de 830 saisonni\u00e8res marocaines qui travailleront dans les plantations de fruits rouges dans le Sud de l\u2019Espagne est arriv\u00e9, mercredi soir, au port d\u2019Alg\u00e9siras, a indiqu\u00e9 la sous-d\u00e9l\u00e9gation du gouvernement espagnol \u00e0 Huelva. Au total, 12.300 travailleuses marocaines, soit quasiment le m\u00eame contingent que la [&hellip;]<\/p>\n","protected":false},"author":1760,"featured_media":0,"comment_status":"closed","ping_status":"closed","sticky":false,"template":"","format":"standard","meta":{"fifu_image_url":"","fifu_image_alt":"","footnotes":""},"categories":[73,54],"tags":[],"class_list":["post-138492","post","type-post","status-publish","format-standard","hentry","category-actualite","category-maroc"],"_links":{"self":[{"href":"https:\/\/linitiative.ca\/International\/wp-json\/wp\/v2\/posts\/138492","targetHints":{"allow":["GET"]}}],"collection":[{"href":"https:\/\/linitiative.ca\/International\/wp-json\/wp\/v2\/posts"}],"about":[{"href":"https:\/\/linitiative.ca\/International\/wp-json\/wp\/v2\/types\/post"}],"author":[{"embeddable":true,"href":"https:\/\/linitiative.ca\/International\/wp-json\/wp\/v2\/users\/1760"}],"replies":[{"embeddable":true,"href":"https:\/\/linitiative.ca\/International\/wp-json\/wp\/v2\/comments?post=138492"}],"version-history":[{"count":0,"href":"https:\/\/linitiative.ca\/International\/wp-json\/wp\/v2\/posts\/138492\/revisions"}],"wp:attachment":[{"href":"https:\/\/linitiative.ca\/International\/wp-json\/wp\/v2\/media?parent=138492"}],"wp:term":[{"taxonomy":"category","embeddable":true,"href":"https:\/\/linitiative.ca\/International\/wp-json\/wp\/v2\/categories?post=138492"},{"taxonomy":"post_tag","embeddable":true,"href":"https:\/\/linitiative.ca\/International\/wp-json\/wp\/v2\/tags?post=138492"}],"curies":[{"name":"wp","href":"https:\/\/api.w.org\/{rel}","templated":true}]}}