{"id":138493,"date":"2022-01-13T13:00:00","date_gmt":"2022-01-13T18:00:00","guid":{"rendered":"https:\/\/linitiative.ca\/International\/le-maroc-trois-points-dans-le-compteur-qualification-dans-le-viseur\/"},"modified":"2022-01-13T13:00:00","modified_gmt":"2022-01-13T18:00:00","slug":"le-maroc-trois-points-dans-le-compteur-qualification-dans-le-viseur","status":"publish","type":"post","link":"https:\/\/linitiative.ca\/International\/le-maroc-trois-points-dans-le-compteur-qualification-dans-le-viseur\/","title":{"rendered":"Le Maroc\u2026 trois points dans le compteur, qualification dans le viseur"},"content":{"rendered":"<div>\n<p class=\"has-text-align-center has-vivid-red-color has-text-color\"><strong>CAN-2021<\/strong><\/p>\n<p class=\"has-text-align-right has-black-color has-text-color\">AFAJDAR Anouar \u00a0ES de la MAP au Cameroun<\/p>\n<p class=\"has-black-color has-text-color\"><strong>Auteurs d\u2019une entr\u00e9e en lice bien n\u00e9goci\u00e9e face aux Blacks Stars du Ghana (groupe C), les Lions de l\u2019Atlas disputeront le deuxi\u00e8me \u00ab\u00a0round\u00a0\u00bb, contre les Iles Comores, certes, avec la casquette de favoris\u2026 Cependant, le football est loin d\u2019\u00eatre ce sport de pronostics avant-match et seules les 90 minutes d\u00e9cideront de l\u2019\u00e9quipe qui empochera les 3 points.<\/strong><\/p>\n<p class=\"has-black-color has-text-color\"><strong>Face aux co\u00e9quipiers des fr\u00e8res Ayew, les Marocains ont d\u00fb faire avec les nombreuses absences qui ont frapp\u00e9 la s\u00e9lection \u00e0 la derni\u00e8re minute. Une attaque largement remani\u00e9e pour compenser les blessures de ceux qui ont l\u2019habitude d\u2019y \u00eatre align\u00e9s.<\/strong><\/p>\n<p class=\"has-black-color has-text-color\"><strong>Gr\u00e2ce \u00e0 leur motivation et leur discipline tactique du d\u00e9but du match jusqu\u2019au coup de sifflet final, les Nationaux se sont impos\u00e9s gr\u00e2ce \u00e0 un but salvateur de Boufal mais surtout \u00e0 un Bounou \u00ab\u00a0Oliver Kahnesque\u00a0\u00bb.<br \/>Lors de la deuxi\u00e8me journ\u00e9e, le s\u00e9lectionneur national, Vahid Halilhod\u017ei\u0107, pourrait compter sur le retour de certains de ses cadres, mais surtout sur la confiance acquise par ses jeunes, dont tout un peuple attend toujours le meilleur.<\/strong><\/p>\n<p class=\"has-black-color has-text-color\"><strong><u>De la confiance, certes, mais de la vigilance surtout<\/u><\/strong><\/p>\n<p class=\"has-black-color has-text-color\">Le pi\u00e8ge de miser sur une victoire au premier match pour se projeter dans la suite d\u2019une comp\u00e9tition est toujours \u00e0 redouter. Et les exemples dans ce sens sont assez nombreux surtout pour le Maroc.<br \/>Ceci pour ainsi dire que les matchs sont \u00e0 n\u00e9gocier l\u2019un apr\u00e8s l\u2019autre, chacun selon ses sp\u00e9cificit\u00e9s et les marques distinctives de l\u2019\u00e9quipe adverse. Sur le papier, tout semble bien aller en faveur des Lions de l\u2019Atlas. Mais, les Iles Comores, apr\u00e8s leur premier revers vont, s\u00fbrement, \u00eatre un peu plus r\u00e9alistes, lors de cette rencontre d\u00e9cisive pour leur qualification.<\/p>\n<p class=\"has-black-color has-text-color\"><strong><u>Les Comores: une premi\u00e8re historique\u2026 mais rat\u00e9e<\/u><\/strong><\/p>\n<p class=\"has-black-color has-text-color\">Parfois l\u2019envie et les belles intentions ne suffisent pas. Les Iles Comores, petit Poucet de cette \u00e9dition, ne sont pas parvenues \u00e0 concr\u00e9tiser leur domination face au Gabon. Plus incisifs, les C\u0153lacanthes ont appris une le\u00e7on de r\u00e9alisme (1-0) face \u00e0 des Panth\u00e8res, qui rejoignent le Maroc en t\u00eate du groupe C.<br \/>Pourtant, les Iles Comores ont montr\u00e9 de bons signes. Elles ont eu le contr\u00f4le du match d\u00e8s le coup de sifflet, s\u2019installant dans le camp gabonais et se procurant plusieurs occasions.<\/p>\n<p class=\"has-black-color has-text-color\"><strong><u>Des absences et de la tactique<\/u><\/strong><\/p>\n<p class=\"has-black-color has-text-color\">Coup de ma\u00eetre de Halilhod\u017ei\u0107. Le franco-bosniaque a su bien placer \u00ab\u00a0ses pions\u00a0\u00bb pour infliger un \u00ab\u00a0\u00e9chec et mat\u00a0\u00bb en fin de compte. En alignant Samy Mmaee en milieu de terrain \u00e0 la place de Sofyan Amrabet, il a donn\u00e9 plus de solidit\u00e9 \u00e0 ce secteur du jeu. Mmaee est en m\u00eame temps capable de remplacer Achraf Hakimi lorsqu\u2019il fait ses mont\u00e9es, tout en diminuant le danger que peuvent cr\u00e9er les fr\u00e8res Ayew. Dans le jeu de t\u00eate, il \u00e9tait \u00e9galement tr\u00e8s remarquable.<br \/>Aboukhlal en attaque a aussi apport\u00e9 beaucoup de danger, avec sa vivacit\u00e9 et ses mouvements, comme dans l\u2019action sanctionn\u00e9e par le but victorieux. Il a r\u00e9ussi \u00e0 bloquer plusieurs joueurs pour laisser un espace vide \u00e0 Boufal qui n\u2019avait qu\u2019\u00e0 conclure.<\/p>\n<p class=\"has-black-color has-text-color\"><strong><u>Bounou\u2026 L\u2019ange salvateur<\/u><\/strong><\/p>\n<p class=\"has-black-color has-text-color\">Consid\u00e9r\u00e9 comme l\u2019un des meilleurs gardiens au monde, l\u2019ancien wydadi au visage enfantin mais au caract\u00e8re affirm\u00e9, sait se hisser au meilleur de lui m\u00eame \u00e0 force de travail et de concentration.<\/p>\n<p class=\"has-black-color has-text-color\">Capable de diriger ses co\u00e9quipiers en d\u00e9fense, il est aussi exemplaire notamment gr\u00e2ce \u00e0 son temp\u00e9rament de gagnant et son refus de la d\u00e9faite. Ces caract\u00e9ristiques ainsi que ses exploits sur le terrain lui ont permis de sortir une parade magistrale, qui demeurera, \u00e0 bien des \u00e9gards, le tournant du match.<\/p>\n<p>L\u2019article <a rel=\"nofollow\" href=\"http:\/\/albayane.press.ma\/le-maroc-trois-points-dans-le-compteur-qualification-dans-le-viseur.html\">Le Maroc\u2026 trois points dans le compteur, qualification dans le viseur<\/a> est apparu en premier sur <a rel=\"nofollow\" href=\"http:\/\/albayane.press.ma\/\">ALBAYANE<\/a>.<\/p>\n<\/div>\n<p>Auteur: M&rsquo;hammed rahal<br \/>\n<a href=\"http:\/\/albayane.press.ma\/le-maroc-trois-points-dans-le-compteur-qualification-dans-le-viseur.html\">Cliquez ici pour lire l&rsquo;article depuis sa source.<\/a><\/p>\n","protected":false},"excerpt":{"rendered":"<p>CAN-2021 AFAJDAR Anouar \u00a0ES de la MAP au Cameroun Auteurs d\u2019une entr\u00e9e en lice bien n\u00e9goci\u00e9e face aux Blacks Stars du Ghana (groupe C), les Lions de l\u2019Atlas disputeront le deuxi\u00e8me \u00ab\u00a0round\u00a0\u00bb, contre les Iles Comores, certes, avec la casquette de favoris\u2026 Cependant, le football est loin d\u2019\u00eatre ce sport de pronostics avant-match et seules [&hellip;]<\/p>\n","protected":false},"author":1760,"featured_media":0,"comment_status":"closed","ping_status":"closed","sticky":false,"template":"","format":"standard","meta":{"fifu_image_url":"","fifu_image_alt":"","footnotes":""},"categories":[73,54],"tags":[],"class_list":["post-138493","post","type-post","status-publish","format-standard","hentry","category-actualite","category-maroc"],"_links":{"self":[{"href":"https:\/\/linitiative.ca\/International\/wp-json\/wp\/v2\/posts\/138493","targetHints":{"allow":["GET"]}}],"collection":[{"href":"https:\/\/linitiative.ca\/International\/wp-json\/wp\/v2\/posts"}],"about":[{"href":"https:\/\/linitiative.ca\/International\/wp-json\/wp\/v2\/types\/post"}],"author":[{"embeddable":true,"href":"https:\/\/linitiative.ca\/International\/wp-json\/wp\/v2\/users\/1760"}],"replies":[{"embeddable":true,"href":"https:\/\/linitiative.ca\/International\/wp-json\/wp\/v2\/comments?post=138493"}],"version-history":[{"count":0,"href":"https:\/\/linitiative.ca\/International\/wp-json\/wp\/v2\/posts\/138493\/revisions"}],"wp:attachment":[{"href":"https:\/\/linitiative.ca\/International\/wp-json\/wp\/v2\/media?parent=138493"}],"wp:term":[{"taxonomy":"category","embeddable":true,"href":"https:\/\/linitiative.ca\/International\/wp-json\/wp\/v2\/categories?post=138493"},{"taxonomy":"post_tag","embeddable":true,"href":"https:\/\/linitiative.ca\/International\/wp-json\/wp\/v2\/tags?post=138493"}],"curies":[{"name":"wp","href":"https:\/\/api.w.org\/{rel}","templated":true}]}}