{"id":138494,"date":"2022-01-13T14:00:00","date_gmt":"2022-01-13T19:00:00","guid":{"rendered":"https:\/\/linitiative.ca\/International\/le-cameroun-premier-qualifie-pour-les-huitiemes\/"},"modified":"2022-01-13T14:00:00","modified_gmt":"2022-01-13T19:00:00","slug":"le-cameroun-premier-qualifie-pour-les-huitiemes","status":"publish","type":"post","link":"https:\/\/linitiative.ca\/International\/le-cameroun-premier-qualifie-pour-les-huitiemes\/","title":{"rendered":"Le Cameroun premier qualifi\u00e9 pour les huiti\u00e8mes"},"content":{"rendered":"<div>Le Cameroun est la premi\u00e8re \u00e9quipe qualifi\u00e9e pour les huiti\u00e8mes de finale de la Coupe d&rsquo;Afrique des nations (CAN) apr\u00e8s avoir domin\u00e9 l&rsquo;Ethiopie (4-1) jeudi \u00e0 Yaound\u00e9 pour son deuxi\u00e8me match dans la comp\u00e9tition<\/div>\n<p>Auteur:<br \/>\n<a href=\"https:\/\/www.liberte-algerie.com\/sports\/le-cameroun-premier-qualifie-pour-les-huitiemes-371578\">Cliquez ici pour lire l&rsquo;article depuis sa source.<\/a><\/p>\n","protected":false},"excerpt":{"rendered":"<p>Le Cameroun est la premi\u00e8re \u00e9quipe qualifi\u00e9e pour les huiti\u00e8mes de finale de la Coupe d&rsquo;Afrique des nations (CAN) apr\u00e8s avoir domin\u00e9 l&rsquo;Ethiopie (4-1) jeudi \u00e0 Yaound\u00e9 pour son deuxi\u00e8me match dans la comp\u00e9tition Auteur: Cliquez ici pour lire l&rsquo;article depuis sa source.<\/p>\n","protected":false},"author":1742,"featured_media":0,"comment_status":"closed","ping_status":"closed","sticky":false,"template":"","format":"standard","meta":{"fifu_image_url":"","fifu_image_alt":"","footnotes":""},"categories":[73,53],"tags":[],"class_list":["post-138494","post","type-post","status-publish","format-standard","hentry","category-actualite","category-algerie"],"_links":{"self":[{"href":"https:\/\/linitiative.ca\/International\/wp-json\/wp\/v2\/posts\/138494","targetHints":{"allow":["GET"]}}],"collection":[{"href":"https:\/\/linitiative.ca\/International\/wp-json\/wp\/v2\/posts"}],"about":[{"href":"https:\/\/linitiative.ca\/International\/wp-json\/wp\/v2\/types\/post"}],"author":[{"embeddable":true,"href":"https:\/\/linitiative.ca\/International\/wp-json\/wp\/v2\/users\/1742"}],"replies":[{"embeddable":true,"href":"https:\/\/linitiative.ca\/International\/wp-json\/wp\/v2\/comments?post=138494"}],"version-history":[{"count":0,"href":"https:\/\/linitiative.ca\/International\/wp-json\/wp\/v2\/posts\/138494\/revisions"}],"wp:attachment":[{"href":"https:\/\/linitiative.ca\/International\/wp-json\/wp\/v2\/media?parent=138494"}],"wp:term":[{"taxonomy":"category","embeddable":true,"href":"https:\/\/linitiative.ca\/International\/wp-json\/wp\/v2\/categories?post=138494"},{"taxonomy":"post_tag","embeddable":true,"href":"https:\/\/linitiative.ca\/International\/wp-json\/wp\/v2\/tags?post=138494"}],"curies":[{"name":"wp","href":"https:\/\/api.w.org\/{rel}","templated":true}]}}