{"id":138501,"date":"2022-01-14T11:26:47","date_gmt":"2022-01-14T16:26:47","guid":{"rendered":"https:\/\/linitiative.ca\/International\/transformation-electrique-mise-en-service-de-deux-nouveaux-postes\/"},"modified":"2022-01-14T11:26:47","modified_gmt":"2022-01-14T16:26:47","slug":"transformation-electrique-mise-en-service-de-deux-nouveaux-postes","status":"publish","type":"post","link":"https:\/\/linitiative.ca\/International\/transformation-electrique-mise-en-service-de-deux-nouveaux-postes\/","title":{"rendered":"Transformation \u00e9lectrique: Mise en service de deux nouveaux postes"},"content":{"rendered":"<div>\n<div style=\"margin-bottom:20px;\"><img loading=\"lazy\" decoding=\"async\" width=\"750\" height=\"430\" src=\"https:\/\/linitiative.ca\/International\/wp-content\/uploads\/sites\/23\/2022\/01\/ONEE.jpg\" class=\"attachment-post-thumbnail size-post-thumbnail wp-post-image\" alt=\"\" srcset=\"https:\/\/linitiative.ca\/International\/wp-content\/uploads\/sites\/23\/2022\/01\/ONEE.jpg 750w, https:\/\/www.mapmarrakech.ma\/map\/uploads\/2022\/01\/ONEE-300x172.jpg 300w\" sizes=\"auto, (max-width: 750px) 100vw, 750px\"><\/div>\n<p>La premi\u00e8re mise en service concerne la r\u00e9alisation du Poste \u00e9lectrique 225\/60 kV d\u2019Essaouira qui s\u2019inscrit dans le cadre du d\u00e9veloppement du r\u00e9seau de transport d\u2019\u00e9nergie \u00e9lectrique de la ville et ses r\u00e9gions et de pr\u00e9parer l\u2019\u00e9vacuation de la production du futur parc \u00e9olien Jbel Lahdid d\u2019une puissance install\u00e9e de 270 MW, indique vendredi l\u2019Office dans un communiqu\u00e9.<\/p>\n<p>D\u2019un co\u00fbt global d\u2019environ 128 millions de dirhams (MDH), ce Poste permettra la satisfaction de la demande croissante en \u00e9nergie \u00e9lectrique de cette ville touristique de la r\u00e9gion de Marrakech-Safi.<\/p>\n<p>Les ouvrages comprennent la construction d\u2019un nouveau Poste 225\/60 KV d\u2019une puissance de 2\u00d7100 MVA, une extension 225 KV au niveau du Poste 400\/225 KV de Chemaia et extensions et am\u00e9nagements au niveau du poste 60\/22 KV existant d\u2019Essaouira.<\/p>\n<p>Les travaux ont \u00e9galement consist\u00e9, selon le communiqu\u00e9, en la construction d\u2019une ligne 225 KV d\u2019une longueur de 33 km \u00ab\u00a0Chamaia-Essaouira\u00a0\u00bb et le rabattement des lignes 60 KV d\u2019une longueur de 0,3 Km sur ce nouveau poste.<\/p>\n<p>Le deuxi\u00e8me Poste de transformation, mis en service dans la commune de Ouled Saleh dans la Province de Nouaceur, contribuera, quant \u00e0 lui, \u00e0 la satisfaction de la demande croissante en \u00e9nergie \u00e9lectrique de Nouaceur et ses r\u00e9gions.<\/p>\n<p>D\u2019un co\u00fbt global d\u2019environ 105 MDH, ses installations comprennent, principalement, la construction d\u2019une transformation 225\/22 kV d\u2019une puissance de 2\u00d770 MVA, d\u2019un rabattement d\u2019une ligne 225 kV \u00e0 double ternes d\u2019une longueur de 6 km et d\u2019un r\u00e9seau de distribution moyenne tension de 12 km.<\/p>\n<p>Avec la mise en service de ces nouveaux Postes, la puissance install\u00e9e totale est pass\u00e9e de 120 \u00e0 320 MVA dans la r\u00e9gion d\u2019Essaouira et de 360 \u00e0 500 MVA dans la r\u00e9gion de Nouaceur.<\/p>\n<p>The post <a rel=\"nofollow\" href=\"https:\/\/www.mapmarrakech.ma\/fr\/transformation-electrique-mise-en-service-de-deux-nouveaux-postes\/\">Transformation \u00e9lectrique: Mise en service de deux nouveaux postes<\/a> appeared first on <a rel=\"nofollow\" href=\"https:\/\/www.mapmarrakech.ma\/fr\">MapMarrakech<\/a>.<\/p>\n<\/div>\n<p>Auteur: Meriem IGASS<br \/>\n<a href=\"https:\/\/www.mapmarrakech.ma\/fr\/transformation-electrique-mise-en-service-de-deux-nouveaux-postes\/\">Cliquez ici pour lire l&rsquo;article depuis sa source.<\/a><\/p>\n","protected":false},"excerpt":{"rendered":"<p>La premi\u00e8re mise en service concerne la r\u00e9alisation du Poste \u00e9lectrique 225\/60 kV d\u2019Essaouira qui s\u2019inscrit dans le cadre du d\u00e9veloppement du r\u00e9seau de transport d\u2019\u00e9nergie \u00e9lectrique de la ville et ses r\u00e9gions et de pr\u00e9parer l\u2019\u00e9vacuation de la production du futur parc \u00e9olien Jbel Lahdid d\u2019une puissance install\u00e9e de 270 MW, indique vendredi l\u2019Office [&hellip;]<\/p>\n","protected":false},"author":1788,"featured_media":0,"comment_status":"closed","ping_status":"closed","sticky":false,"template":"","format":"standard","meta":{"fifu_image_url":"https:\/\/www.mapmarrakech.ma\/map\/uploads\/2022\/01\/ONEE.jpg","fifu_image_alt":"Transformation \u00e9lectrique: Mise en service de deux nouveaux postes","footnotes":""},"categories":[54,76],"tags":[],"class_list":["post-138501","post","type-post","status-publish","format-standard","hentry","category-maroc","category-regions"],"_links":{"self":[{"href":"https:\/\/linitiative.ca\/International\/wp-json\/wp\/v2\/posts\/138501","targetHints":{"allow":["GET"]}}],"collection":[{"href":"https:\/\/linitiative.ca\/International\/wp-json\/wp\/v2\/posts"}],"about":[{"href":"https:\/\/linitiative.ca\/International\/wp-json\/wp\/v2\/types\/post"}],"author":[{"embeddable":true,"href":"https:\/\/linitiative.ca\/International\/wp-json\/wp\/v2\/users\/1788"}],"replies":[{"embeddable":true,"href":"https:\/\/linitiative.ca\/International\/wp-json\/wp\/v2\/comments?post=138501"}],"version-history":[{"count":0,"href":"https:\/\/linitiative.ca\/International\/wp-json\/wp\/v2\/posts\/138501\/revisions"}],"wp:attachment":[{"href":"https:\/\/linitiative.ca\/International\/wp-json\/wp\/v2\/media?parent=138501"}],"wp:term":[{"taxonomy":"category","embeddable":true,"href":"https:\/\/linitiative.ca\/International\/wp-json\/wp\/v2\/categories?post=138501"},{"taxonomy":"post_tag","embeddable":true,"href":"https:\/\/linitiative.ca\/International\/wp-json\/wp\/v2\/tags?post=138501"}],"curies":[{"name":"wp","href":"https:\/\/api.w.org\/{rel}","templated":true}]}}