{"id":138503,"date":"2022-01-14T13:57:48","date_gmt":"2022-01-14T18:57:48","guid":{"rendered":"https:\/\/linitiative.ca\/International\/lecole-al-mouatamid-ibn-abbad-a-talmest-labellisee-eco-ecole\/"},"modified":"2022-01-14T13:57:48","modified_gmt":"2022-01-14T18:57:48","slug":"lecole-al-mouatamid-ibn-abbad-a-talmest-labellisee-eco-ecole","status":"publish","type":"post","link":"https:\/\/linitiative.ca\/International\/lecole-al-mouatamid-ibn-abbad-a-talmest-labellisee-eco-ecole\/","title":{"rendered":"L\u2019\u00e9cole Al Mouatamid Ibn Abbad \u00e0 Talmest labellis\u00e9e \u00ab\u00a0Eco-\u00e9cole\u00a0\u00bb"},"content":{"rendered":"<div>\n<div style=\"margin-bottom:20px;\"><img loading=\"lazy\" decoding=\"async\" width=\"750\" height=\"430\" src=\"https:\/\/linitiative.ca\/International\/wp-content\/uploads\/sites\/23\/2022\/01\/essaouira-copier-2.jpg\" class=\"attachment-post-thumbnail size-post-thumbnail wp-post-image\" alt=\"\" srcset=\"https:\/\/linitiative.ca\/International\/wp-content\/uploads\/sites\/23\/2022\/01\/essaouira-copier-2.jpg 750w, https:\/\/www.mapmarrakech.ma\/map\/uploads\/2022\/01\/essaouira-copier-2-300x172.jpg 300w\" sizes=\"auto, (max-width: 750px) 100vw, 750px\"><\/div>\n<div>\n<p>Ce \u00ab\u00a0Pavillon Vert\u00a0\u00bb, dont la c\u00e9r\u00e9monie de lev\u00e9e s\u2019est d\u00e9roul\u00e9e en pr\u00e9sence notamment du directeur provincial de l\u2019Education nationale, M. Noureddine El Aoufi Laghzaoui, du Pacha de Talmest, des chefs de services ext\u00e9rieurs, des \u00e9lus et des acteurs de la soci\u00e9t\u00e9 civile et d\u2019autres personnalit\u00e9s issues de divers horizons, a \u00e9t\u00e9 d\u00e9cern\u00e9 \u00e0 l\u2019\u00e9tablissement scolaire en reconnaissance de ses diff\u00e9rentes actions en faveur de la protection de la nature et de l\u2019environnement.<\/p>\n<p>Cette distinction a \u00e9t\u00e9 attribu\u00e9e \u00e0 cette \u00e9cole pour les efforts soutenus et le travail de longue haleine men\u00e9s par les diff\u00e9rents composantes de l\u2019\u00e9tablissement, notamment en mati\u00e8re de rationalisation de l\u2019utilisation de l\u2019eau et de l\u2019\u00e9nergie et de gestion des d\u00e9chets, et ce en vue d\u2019une meilleure \u00e9ducation et sensibilisation des jeunes \u00e9coliers aux notions de d\u00e9veloppement durable, aux comportements civiques, aux pratiques saines et aux modes de vie respectueux de l\u2019environnement.<\/p>\n<p>S\u2019exprimant \u00e0 cette occasion, M. Laghzaoui s\u2019est f\u00e9licit\u00e9 des efforts d\u00e9ploy\u00e9s par les cadres administratifs et p\u00e9dagogiques et l\u2019ensemble des \u00e9l\u00e8ves de cet \u00e9tablissement pour d\u00e9crocher ce label \u00e9cologique et, partant, de renforcer et consacrer l\u2019\u00e9ducation \u00e0 la protection de l\u2019environnement.<\/p>\n<p>Cette c\u00e9r\u00e9monie intervient dans le cadre du programme d\u2019action \u00e9tabli entre la Fondation Mohammed VI pour la Protection de l\u2019Environnement et la Direction provinciale de l\u2019Education nationale, du pr\u00e9scolaire et des sports, visant la protection de l\u2019environnement et le d\u00e9veloppement durable, a-t-il dit.<\/p>\n<p>\u00ab\u00a0Eco-\u00e9coles\u00a0\u00bb est l\u2019un des programmes phares de la Fondation pour l\u2019\u00e9ducation \u00e0 l\u2019environnement (FEE). Il a \u00e9t\u00e9 introduit au Maroc en 2006 par la Fondation Mohammed VI pour la protection de l\u2019environnement et tend \u00e0 ancrer l\u2019\u00e9ducation \u00e0 l\u2019environnement dans le cursus scolaire.<\/p>\n<p>Lanc\u00e9 en partenariat avec le minist\u00e8re de l\u2019Education nationale, de l\u2019enseignement pr\u00e9scolaire et des sports, ce programme a notamment pour objectif de favoriser l\u2019implication effective des \u00e9tablissements scolaires dans les programmes li\u00e9s \u00e0 l\u2019environnement et leur contribution forte \u00e0 la cons\u00e9cration des bonnes pratiques en mati\u00e8re de protection de l\u2019environnement.<\/p>\n<p>L\u2019obtention de ce label \u00e9cologique est tributaire de l\u2019adoption par l\u2019\u00e9tablissement d\u2019enseignement concern\u00e9 de la p\u00e9dagogie du projet de gestion environnementale, avec l\u2019implication effective des \u00e9coliers dans la mise en \u0153uvre du programme \u00ab\u00a0Eco-Ecoles\u00a0\u00bb, outre l\u2019am\u00e9lioration progressive de la situation environnementale au sein de l\u2019\u00e9tablissement par la concr\u00e9tisation des axes dudit programme et le d\u00e9veloppement des capacit\u00e9s cognitives des \u00e9coliers sur les diff\u00e9rentes questions y aff\u00e9rentes.<\/p>\n<\/div>\n<p>The post <a rel=\"nofollow\" href=\"https:\/\/www.mapmarrakech.ma\/fr\/lecole-al-mouatamid-ibn-abbad-a-talmest-labellisee-eco-ecole\/\">L\u2019\u00e9cole Al Mouatamid Ibn Abbad \u00e0 Talmest labellis\u00e9e \u00ab\u00a0Eco-\u00e9cole\u00a0\u00bb<\/a> appeared first on <a rel=\"nofollow\" href=\"https:\/\/www.mapmarrakech.ma\/fr\">MapMarrakech<\/a>.<\/p>\n<\/div>\n<p>Auteur: Meriem IGASS<br \/>\n<a href=\"https:\/\/www.mapmarrakech.ma\/fr\/lecole-al-mouatamid-ibn-abbad-a-talmest-labellisee-eco-ecole\/\">Cliquez ici pour lire l&rsquo;article depuis sa source.<\/a><\/p>\n","protected":false},"excerpt":{"rendered":"<p>Ce \u00ab\u00a0Pavillon Vert\u00a0\u00bb, dont la c\u00e9r\u00e9monie de lev\u00e9e s\u2019est d\u00e9roul\u00e9e en pr\u00e9sence notamment du directeur provincial de l\u2019Education nationale, M. Noureddine El Aoufi Laghzaoui, du Pacha de Talmest, des chefs de services ext\u00e9rieurs, des \u00e9lus et des acteurs de la soci\u00e9t\u00e9 civile et d\u2019autres personnalit\u00e9s issues de divers horizons, a \u00e9t\u00e9 d\u00e9cern\u00e9 \u00e0 l\u2019\u00e9tablissement scolaire [&hellip;]<\/p>\n","protected":false},"author":1788,"featured_media":0,"comment_status":"closed","ping_status":"closed","sticky":false,"template":"","format":"standard","meta":{"fifu_image_url":"https:\/\/www.mapmarrakech.ma\/map\/uploads\/2022\/01\/essaouira-copier-2.jpg","fifu_image_alt":"L\u2019\u00e9cole Al Mouatamid Ibn Abbad \u00e0 Talmest labellis\u00e9e \u00ab\u00a0Eco-\u00e9cole\u00a0\u00bb","footnotes":""},"categories":[54,76],"tags":[],"class_list":["post-138503","post","type-post","status-publish","format-standard","hentry","category-maroc","category-regions"],"_links":{"self":[{"href":"https:\/\/linitiative.ca\/International\/wp-json\/wp\/v2\/posts\/138503","targetHints":{"allow":["GET"]}}],"collection":[{"href":"https:\/\/linitiative.ca\/International\/wp-json\/wp\/v2\/posts"}],"about":[{"href":"https:\/\/linitiative.ca\/International\/wp-json\/wp\/v2\/types\/post"}],"author":[{"embeddable":true,"href":"https:\/\/linitiative.ca\/International\/wp-json\/wp\/v2\/users\/1788"}],"replies":[{"embeddable":true,"href":"https:\/\/linitiative.ca\/International\/wp-json\/wp\/v2\/comments?post=138503"}],"version-history":[{"count":0,"href":"https:\/\/linitiative.ca\/International\/wp-json\/wp\/v2\/posts\/138503\/revisions"}],"wp:attachment":[{"href":"https:\/\/linitiative.ca\/International\/wp-json\/wp\/v2\/media?parent=138503"}],"wp:term":[{"taxonomy":"category","embeddable":true,"href":"https:\/\/linitiative.ca\/International\/wp-json\/wp\/v2\/categories?post=138503"},{"taxonomy":"post_tag","embeddable":true,"href":"https:\/\/linitiative.ca\/International\/wp-json\/wp\/v2\/tags?post=138503"}],"curies":[{"name":"wp","href":"https:\/\/api.w.org\/{rel}","templated":true}]}}