{"id":138513,"date":"2022-01-14T09:34:31","date_gmt":"2022-01-14T14:34:31","guid":{"rendered":"https:\/\/linitiative.ca\/International\/lancement-de-la-marque-moroccotech-de-promotion-du-secteur-digital\/"},"modified":"2022-01-14T09:34:31","modified_gmt":"2022-01-14T14:34:31","slug":"lancement-de-la-marque-moroccotech-de-promotion-du-secteur-digital","status":"publish","type":"post","link":"https:\/\/linitiative.ca\/International\/lancement-de-la-marque-moroccotech-de-promotion-du-secteur-digital\/","title":{"rendered":"Lancement de la marque \u00abMoroccoTech\u00bb de promotion du secteur digital"},"content":{"rendered":"<div>\n<div style=\"margin-bottom:20px;\"><img loading=\"lazy\" decoding=\"async\" width=\"750\" height=\"430\" src=\"https:\/\/linitiative.ca\/International\/wp-content\/uploads\/sites\/23\/2022\/01\/Lancement-de-la-marque-MoroccoTech-de-promotion-du-secteur-digital-750C397430-MAP.jpg\" class=\"attachment-post-thumbnail size-post-thumbnail wp-post-image\" alt=\"\" srcset=\"https:\/\/linitiative.ca\/International\/wp-content\/uploads\/sites\/23\/2022\/01\/Lancement-de-la-marque-MoroccoTech-de-promotion-du-secteur-digital-750C397430-MAP.jpg 750w, https:\/\/www.mapoujda.ma\/map\/uploads\/2022\/01\/Lancement-de-la-marque-MoroccoTech-de-promotion-du-secteur-digital-750\u00d7430-MAP-300x172.jpg 300w\" sizes=\"auto, (max-width: 750px) 100vw, 750px\"><\/div>\n<p style=\"text-align: justify;\">La ministre d\u00e9l\u00e9gu\u00e9e aupr\u00e8s du Chef du Gouvernement, charg\u00e9e de la Transition Num\u00e9rique et de la R\u00e9forme de l\u2019Administration, Ghita Mezzour, a annonc\u00e9, vendredi \u00e0 Rabat, le lancement de l\u2019initiative \u00ab\u00a0MoroccoTech\u00a0\u00bb, la marque nationale de promotion du secteur digital marocain.<\/p>\n<p style=\"text-align: justify;\">\u00ab\u00a0MoroccoTech\u00a0\u00bb a pour ambition, d\u2019une part de positionner le Maroc comme destination num\u00e9rique de choix \u00e0 l\u2019international, d\u2019autre part, de cr\u00e9er une dynamique globale qui profitera \u00e0 l\u2019ensemble des \u00e9cosyst\u00e8mes marocains dans leur transformation num\u00e9rique.<\/p>\n<p style=\"text-align: justify;\">Cette initiative issue d\u2019une d\u00e9marche partenariale \u00ab\u00a0public-priv\u00e9\u00a0\u00bb, est la d\u00e9clination d\u2019un mouvement mobilisateur et f\u00e9d\u00e9rateur des diff\u00e9rents acteurs de l\u2019\u00e9cosyst\u00e8me digital marocain.<\/p>\n<p style=\"text-align: justify;\">\u00ab\u00a0Aujourd\u2019hui, le Maroc est d\u00e9j\u00e0 un hub digital r\u00e9gional majeur\u00a0\u00bb, a indiqu\u00e9 \u00e0 cette occasion Mme Mezzour, relevant que le Royaume dispose de l\u2019une des meilleures infrastructures des techniques d\u2019information et de communication (TIC) du continent, un des viviers de talents les plus attractifs et des startups \u00e0 succ\u00e8s.<\/p>\n<p style=\"text-align: justify;\">\u00ab\u00a0MoroccoTech\u00a0\u00bb se veut une vision pour promouvoir le Maroc en tant que producteur de technologies premium et une destination d\u2019investissement de premier plan, a soulign\u00e9 la ministre, notant que cette initiative soutiendra les efforts phares, programmes, projets et communications autour du Maroc en tant que destination num\u00e9rique premium.<\/p>\n<p style=\"text-align: justify;\">Pour sa part, le ministre de l\u2019Inclusion \u00e9conomique, de la Petite entreprise, de l\u2019Emploi et des Comp\u00e9tences, Younes Sekkouri, a mis en exergue l\u2019immense potentiel du secteur du num\u00e9rique pour cr\u00e9er des emplois \u00e0 la hauteur de la demande int\u00e9rieure et de celle internationale.<\/p>\n<p style=\"text-align: justify;\">M. Sekkouri a, par ailleurs, exprim\u00e9 sa volont\u00e9 de travailler avec le minist\u00e8re de la Transition num\u00e9rique et de la R\u00e9forme de l\u2019administration, afin de fournir les moyens n\u00e9cessaires, notamment les budgets, les formations et les techniques alternatives de formation avec le soutien des diff\u00e9rentes parties prenantes.<\/p>\n<p style=\"text-align: justify;\">De son c\u00f4t\u00e9, le pr\u00e9sident de la Commission nationale de contr\u00f4le de la protection des donn\u00e9es \u00e0 caract\u00e8re personnel (CNDP), Omar Seghrouchni, a mis l\u2019accent sur la contribution \u00ab\u00a0positive\u00a0\u00bb et \u00ab\u00a0transverse\u00a0\u00bb de la Commission dans \u00ab\u00a0MoroccoTech\u00a0\u00bb, \u00e0 travers sa mission de protection des donn\u00e9es \u00e0 caract\u00e8re personnel et de la vie priv\u00e9e des citoyens dans tous les secteurs et supports.<\/p>\n<p style=\"text-align: justify;\">\u00ab\u00a0Au service du digital, la protection de la vie priv\u00e9e est un facteur g\u00e9n\u00e9rateur de confiance\u00a0\u00bb, a soulign\u00e9 M. Seghrouchni, notant que la contribution de la CNDP serait ainsi d\u2019insuffler l\u2019esprit \u00ab\u00a0Morocco Trust\u00a0\u00bb et \u00ab\u00a0Moroccan Trust\u00a0\u00bb \u00e0 \u00ab\u00a0MoroccoTech\u00a0\u00bb.<\/p>\n<p style=\"text-align: justify;\">Le pr\u00e9sident de la Conf\u00e9d\u00e9ration g\u00e9n\u00e9rale des entreprises du Maroc (CGEM), Chakib Alj, a affirm\u00e9, quant \u00e0 lui qu\u2019au-del\u00e0 d\u2019une vision ambitieuse, \u201cMoroccoTech s\u2019accompagne d\u2019actions concr\u00e8tes, pour donner \u00e0 la technologie la place qu\u2019elle m\u00e9rite dans notre \u00e9conomie, et offrir aux citoyens marocains une excellente exp\u00e9rience num\u00e9rique, qu\u2019il s\u2019agisse de la sant\u00e9, de l\u2019\u00e9ducation, du travail, de la communication et de leur relation quotidienne avec l\u2019administration\u00a0\u00bb.<\/p>\n<p style=\"text-align: justify;\">\u00ab\u00a0MoroccoTech\u00a0\u00bb permettra, en outre, d\u2019acc\u00e9l\u00e9rer encore plus le rythme et d\u2019aborder certains sujets structurants, pour une transformation technologique r\u00e9ussie au service d\u2019un d\u00e9veloppement durable et inclusif de la soci\u00e9t\u00e9 et de l\u2019\u00e9conomie marocaines, notamment pour les tr\u00e8s petites, petites et moyennes entreprises, a-t-il soutenu.<\/p>\n<p style=\"text-align: justify;\">\u00ab\u00a0Cette initiative va \u00e9galement confirmer le positionnement de notre pays \u00e0 l\u2019international comme destination d\u2019investissement fiable et comp\u00e9titive o\u00f9 la technologie et l\u2019innovation occupent une place importante, comme soulign\u00e9 par le rapport sur le Nouveau mod\u00e8le de d\u00e9veloppement (NMD)\u00a0\u00bb, a ajout\u00e9 M. Alj.<\/p>\n<p style=\"text-align: justify;\">La journ\u00e9e du lancement de \u00ab\u00a0MoroccoTech\u00a0\u00bb est rythm\u00e9e par de nombreuses et riches interventions. Les \u00e9changes portent sur des mesures fortes en faveur du d\u00e9veloppement du num\u00e9rique au Maroc, que ce soit sur le mode de gouvernance de la marque, les opportunit\u00e9s multiples de financement, le gisement des talents dont dispose le Royaume, ainsi que le r\u00f4le que pourrait jouer la diaspora dans le rayonnement num\u00e9rique du Maroc.<\/p>\n<p>L\u2019article <a rel=\"nofollow\" href=\"https:\/\/www.mapoujda.ma\/fr\/lancement-de-la-marque-moroccotech-de-promotion-du-secteur-digital\/\">Lancement de la marque \u00abMoroccoTech\u00bb de promotion du secteur digital<\/a> est apparu en premier sur <a rel=\"nofollow\" href=\"https:\/\/www.mapoujda.ma\/fr\">MapOujda<\/a>.<\/p>\n<\/div>\n<p>Auteur: Soufiane ELAHMAR<br \/>\n<a href=\"https:\/\/www.mapoujda.ma\/fr\/lancement-de-la-marque-moroccotech-de-promotion-du-secteur-digital\/\">Cliquez ici pour lire l&rsquo;article depuis sa source.<\/a><\/p>\n","protected":false},"excerpt":{"rendered":"<p>La ministre d\u00e9l\u00e9gu\u00e9e aupr\u00e8s du Chef du Gouvernement, charg\u00e9e de la Transition Num\u00e9rique et de la R\u00e9forme de l\u2019Administration, Ghita Mezzour, a annonc\u00e9, vendredi \u00e0 Rabat, le lancement de l\u2019initiative \u00ab\u00a0MoroccoTech\u00a0\u00bb, la marque nationale de promotion du secteur digital marocain. \u00ab\u00a0MoroccoTech\u00a0\u00bb a pour ambition, d\u2019une part de positionner le Maroc comme destination num\u00e9rique de choix [&hellip;]<\/p>\n","protected":false},"author":1788,"featured_media":0,"comment_status":"closed","ping_status":"closed","sticky":false,"template":"","format":"standard","meta":{"fifu_image_url":"https:\/\/www.mapoujda.ma\/map\/uploads\/2022\/01\/Lancement-de-la-marque-MoroccoTech-de-promotion-du-secteur-digital-750\u00d7430-MAP.jpg","fifu_image_alt":"Lancement de la marque \u00abMoroccoTech\u00bb de promotion du secteur digital","footnotes":""},"categories":[54,76],"tags":[],"class_list":["post-138513","post","type-post","status-publish","format-standard","hentry","category-maroc","category-regions"],"_links":{"self":[{"href":"https:\/\/linitiative.ca\/International\/wp-json\/wp\/v2\/posts\/138513","targetHints":{"allow":["GET"]}}],"collection":[{"href":"https:\/\/linitiative.ca\/International\/wp-json\/wp\/v2\/posts"}],"about":[{"href":"https:\/\/linitiative.ca\/International\/wp-json\/wp\/v2\/types\/post"}],"author":[{"embeddable":true,"href":"https:\/\/linitiative.ca\/International\/wp-json\/wp\/v2\/users\/1788"}],"replies":[{"embeddable":true,"href":"https:\/\/linitiative.ca\/International\/wp-json\/wp\/v2\/comments?post=138513"}],"version-history":[{"count":0,"href":"https:\/\/linitiative.ca\/International\/wp-json\/wp\/v2\/posts\/138513\/revisions"}],"wp:attachment":[{"href":"https:\/\/linitiative.ca\/International\/wp-json\/wp\/v2\/media?parent=138513"}],"wp:term":[{"taxonomy":"category","embeddable":true,"href":"https:\/\/linitiative.ca\/International\/wp-json\/wp\/v2\/categories?post=138513"},{"taxonomy":"post_tag","embeddable":true,"href":"https:\/\/linitiative.ca\/International\/wp-json\/wp\/v2\/tags?post=138513"}],"curies":[{"name":"wp","href":"https:\/\/api.w.org\/{rel}","templated":true}]}}