{"id":138515,"date":"2022-01-14T08:40:03","date_gmt":"2022-01-14T13:40:03","guid":{"rendered":"https:\/\/linitiative.ca\/International\/immigration-illegale-11-passeurs-algeriens-arretes-en-espagne\/"},"modified":"2022-01-14T08:40:03","modified_gmt":"2022-01-14T13:40:03","slug":"immigration-illegale-11-passeurs-algeriens-arretes-en-espagne","status":"publish","type":"post","link":"https:\/\/linitiative.ca\/International\/immigration-illegale-11-passeurs-algeriens-arretes-en-espagne\/","title":{"rendered":"Immigration ill\u00e9gale : 11 passeurs alg\u00e9riens arr\u00eat\u00e9s en Espagne"},"content":{"rendered":"<div>\n<div class=\"field field-name-body field-type-text-with-summary field-label-hidden\">\n<div class=\"field-items\">\n<div class=\"field-item even\" property=\"content:encoded\">\n<p class=\"rtejustify\">La police nationale espagnole a arr\u00eat\u00e9 11 ressortissants alg\u00e9riens dans la r\u00e9gion de Murcie, \u00e2g\u00e9s de 19 \u00e0 51 ans, accus\u00e9s de transporter des migrants clandestins de diff\u00e9rentes nationalit\u00e9s vers les c\u00f4tes espagnoles.<\/p>\n<\/div>\n<\/div>\n<\/div>\n<\/div>\n<p>Auteur: mbasraoui<br \/>\n<a href=\"https:\/\/www.leconomiste.com\/flash-infos\/immigration-illegale-11-passeurs-algeriens-arretes-en-espagne\">Cliquez ici pour lire l&rsquo;article depuis sa source.<\/a><\/p>\n","protected":false},"excerpt":{"rendered":"<p>La police nationale espagnole a arr\u00eat\u00e9 11 ressortissants alg\u00e9riens dans la r\u00e9gion de Murcie, \u00e2g\u00e9s de 19 \u00e0 51 ans, accus\u00e9s de transporter des migrants clandestins de diff\u00e9rentes nationalit\u00e9s vers les c\u00f4tes espagnoles. Auteur: mbasraoui Cliquez ici pour lire l&rsquo;article depuis sa source.<\/p>\n","protected":false},"author":1763,"featured_media":0,"comment_status":"closed","ping_status":"closed","sticky":false,"template":"","format":"standard","meta":{"fifu_image_url":"","fifu_image_alt":"","footnotes":""},"categories":[78,54],"tags":[],"class_list":["post-138515","post","type-post","status-publish","format-standard","hentry","category-economie","category-maroc"],"_links":{"self":[{"href":"https:\/\/linitiative.ca\/International\/wp-json\/wp\/v2\/posts\/138515","targetHints":{"allow":["GET"]}}],"collection":[{"href":"https:\/\/linitiative.ca\/International\/wp-json\/wp\/v2\/posts"}],"about":[{"href":"https:\/\/linitiative.ca\/International\/wp-json\/wp\/v2\/types\/post"}],"author":[{"embeddable":true,"href":"https:\/\/linitiative.ca\/International\/wp-json\/wp\/v2\/users\/1763"}],"replies":[{"embeddable":true,"href":"https:\/\/linitiative.ca\/International\/wp-json\/wp\/v2\/comments?post=138515"}],"version-history":[{"count":0,"href":"https:\/\/linitiative.ca\/International\/wp-json\/wp\/v2\/posts\/138515\/revisions"}],"wp:attachment":[{"href":"https:\/\/linitiative.ca\/International\/wp-json\/wp\/v2\/media?parent=138515"}],"wp:term":[{"taxonomy":"category","embeddable":true,"href":"https:\/\/linitiative.ca\/International\/wp-json\/wp\/v2\/categories?post=138515"},{"taxonomy":"post_tag","embeddable":true,"href":"https:\/\/linitiative.ca\/International\/wp-json\/wp\/v2\/tags?post=138515"}],"curies":[{"name":"wp","href":"https:\/\/api.w.org\/{rel}","templated":true}]}}