{"id":138516,"date":"2022-01-14T08:44:20","date_gmt":"2022-01-14T13:44:20","guid":{"rendered":"https:\/\/linitiative.ca\/International\/barid-al-maghrib-celebre-lanniversaire-du-jardin-zoologique-de-rabat\/"},"modified":"2022-01-14T08:44:20","modified_gmt":"2022-01-14T13:44:20","slug":"barid-al-maghrib-celebre-lanniversaire-du-jardin-zoologique-de-rabat","status":"publish","type":"post","link":"https:\/\/linitiative.ca\/International\/barid-al-maghrib-celebre-lanniversaire-du-jardin-zoologique-de-rabat\/","title":{"rendered":"Barid Al-Maghrib c\u00e9l\u00e8bre l\u2019anniversaire du Jardin Zoologique de Rabat"},"content":{"rendered":"<div>\n<div class=\"field field-name-body field-type-text-with-summary field-label-hidden\">\n<div class=\"field-items\">\n<div class=\"field-item even\" property=\"content:encoded\">\n<p class=\"rtejustify\">Le Groupe Barid Al-Maghrib a proc\u00e9d\u00e9, vendredi, en partenariat avec le Jardin Zoologique de Rabat, \u00e0 l\u2019\u00e9mission sp\u00e9ciale d\u2019un timbre-poste pour c\u00e9l\u00e9brer le 10\u00e8me anniversaire du Jardin.<\/p>\n<\/div>\n<\/div>\n<\/div>\n<\/div>\n<p>Auteur: mbasraoui<br \/>\n<a href=\"https:\/\/www.leconomiste.com\/flash-infos\/barid-al-maghrib-celebre-l-anniversaire-du-jardin-zoologique-de-rabat\">Cliquez ici pour lire l&rsquo;article depuis sa source.<\/a><\/p>\n","protected":false},"excerpt":{"rendered":"<p>Le Groupe Barid Al-Maghrib a proc\u00e9d\u00e9, vendredi, en partenariat avec le Jardin Zoologique de Rabat, \u00e0 l\u2019\u00e9mission sp\u00e9ciale d\u2019un timbre-poste pour c\u00e9l\u00e9brer le 10\u00e8me anniversaire du Jardin. Auteur: mbasraoui Cliquez ici pour lire l&rsquo;article depuis sa source.<\/p>\n","protected":false},"author":1763,"featured_media":0,"comment_status":"closed","ping_status":"closed","sticky":false,"template":"","format":"standard","meta":{"fifu_image_url":"","fifu_image_alt":"","footnotes":""},"categories":[78,54],"tags":[],"class_list":["post-138516","post","type-post","status-publish","format-standard","hentry","category-economie","category-maroc"],"_links":{"self":[{"href":"https:\/\/linitiative.ca\/International\/wp-json\/wp\/v2\/posts\/138516","targetHints":{"allow":["GET"]}}],"collection":[{"href":"https:\/\/linitiative.ca\/International\/wp-json\/wp\/v2\/posts"}],"about":[{"href":"https:\/\/linitiative.ca\/International\/wp-json\/wp\/v2\/types\/post"}],"author":[{"embeddable":true,"href":"https:\/\/linitiative.ca\/International\/wp-json\/wp\/v2\/users\/1763"}],"replies":[{"embeddable":true,"href":"https:\/\/linitiative.ca\/International\/wp-json\/wp\/v2\/comments?post=138516"}],"version-history":[{"count":0,"href":"https:\/\/linitiative.ca\/International\/wp-json\/wp\/v2\/posts\/138516\/revisions"}],"wp:attachment":[{"href":"https:\/\/linitiative.ca\/International\/wp-json\/wp\/v2\/media?parent=138516"}],"wp:term":[{"taxonomy":"category","embeddable":true,"href":"https:\/\/linitiative.ca\/International\/wp-json\/wp\/v2\/categories?post=138516"},{"taxonomy":"post_tag","embeddable":true,"href":"https:\/\/linitiative.ca\/International\/wp-json\/wp\/v2\/tags?post=138516"}],"curies":[{"name":"wp","href":"https:\/\/api.w.org\/{rel}","templated":true}]}}