{"id":138517,"date":"2022-01-14T08:45:40","date_gmt":"2022-01-14T13:45:40","guid":{"rendered":"https:\/\/linitiative.ca\/International\/digital-lancement-de-la-marque-moroccotech\/"},"modified":"2022-01-14T08:45:40","modified_gmt":"2022-01-14T13:45:40","slug":"digital-lancement-de-la-marque-moroccotech","status":"publish","type":"post","link":"https:\/\/linitiative.ca\/International\/digital-lancement-de-la-marque-moroccotech\/","title":{"rendered":"DIgital: Lancement de la marque \u00ab MoroccoTech \u00bb"},"content":{"rendered":"<div>\n<div class=\"field field-name-body field-type-text-with-summary field-label-hidden\">\n<div class=\"field-items\">\n<div class=\"field-item even\" property=\"content:encoded\">\n<p class=\"rtejustify\">La ministre d\u00e9l\u00e9gu\u00e9e aupr\u00e8s du Chef du Gouvernement, charg\u00e9e de la Transition Num\u00e9rique et de la R\u00e9forme de l\u2019Administration, Ghita Mezzour, a annonc\u00e9, vendredi \u00e0 Rabat, le lancement de l\u2019initiative \u00ab MoroccoTech \u00bb, la marque nationale de promotion du secteur digital marocain.<\/p>\n<p class=\"rtejustify\">\u00ab MoroccoTech \u00bb a pour ambition, d\u2019une part de positionner le Maroc comme destination num\u00e9rique de choix \u00e0 l\u2019international, d\u2019autre part, de cr\u00e9er une dynamique globale qui profitera \u00e0 l\u2019ensemble des \u00e9cosyst\u00e8mes marocains dans leur transformation num\u00e9rique.<\/p>\n<\/div>\n<\/div>\n<\/div>\n<\/div>\n<p>Auteur: mbasraoui<br \/>\n<a href=\"https:\/\/www.leconomiste.com\/flash-infos\/digital-lancement-de-la-marque-moroccotech\">Cliquez ici pour lire l&rsquo;article depuis sa source.<\/a><\/p>\n","protected":false},"excerpt":{"rendered":"<p>La ministre d\u00e9l\u00e9gu\u00e9e aupr\u00e8s du Chef du Gouvernement, charg\u00e9e de la Transition Num\u00e9rique et de la R\u00e9forme de l\u2019Administration, Ghita Mezzour, a annonc\u00e9, vendredi \u00e0 Rabat, le lancement de l\u2019initiative \u00ab MoroccoTech \u00bb, la marque nationale de promotion du secteur digital marocain. \u00ab MoroccoTech \u00bb a pour ambition, d\u2019une part de positionner le Maroc comme [&hellip;]<\/p>\n","protected":false},"author":1763,"featured_media":0,"comment_status":"closed","ping_status":"closed","sticky":false,"template":"","format":"standard","meta":{"fifu_image_url":"","fifu_image_alt":"","footnotes":""},"categories":[78,54],"tags":[],"class_list":["post-138517","post","type-post","status-publish","format-standard","hentry","category-economie","category-maroc"],"_links":{"self":[{"href":"https:\/\/linitiative.ca\/International\/wp-json\/wp\/v2\/posts\/138517","targetHints":{"allow":["GET"]}}],"collection":[{"href":"https:\/\/linitiative.ca\/International\/wp-json\/wp\/v2\/posts"}],"about":[{"href":"https:\/\/linitiative.ca\/International\/wp-json\/wp\/v2\/types\/post"}],"author":[{"embeddable":true,"href":"https:\/\/linitiative.ca\/International\/wp-json\/wp\/v2\/users\/1763"}],"replies":[{"embeddable":true,"href":"https:\/\/linitiative.ca\/International\/wp-json\/wp\/v2\/comments?post=138517"}],"version-history":[{"count":0,"href":"https:\/\/linitiative.ca\/International\/wp-json\/wp\/v2\/posts\/138517\/revisions"}],"wp:attachment":[{"href":"https:\/\/linitiative.ca\/International\/wp-json\/wp\/v2\/media?parent=138517"}],"wp:term":[{"taxonomy":"category","embeddable":true,"href":"https:\/\/linitiative.ca\/International\/wp-json\/wp\/v2\/categories?post=138517"},{"taxonomy":"post_tag","embeddable":true,"href":"https:\/\/linitiative.ca\/International\/wp-json\/wp\/v2\/tags?post=138517"}],"curies":[{"name":"wp","href":"https:\/\/api.w.org\/{rel}","templated":true}]}}