{"id":138518,"date":"2022-01-14T08:47:10","date_gmt":"2022-01-14T13:47:10","guid":{"rendered":"https:\/\/linitiative.ca\/International\/lydec-suspension-de-cotation-des-titres-de-capital\/"},"modified":"2022-01-14T08:47:10","modified_gmt":"2022-01-14T13:47:10","slug":"lydec-suspension-de-cotation-des-titres-de-capital","status":"publish","type":"post","link":"https:\/\/linitiative.ca\/International\/lydec-suspension-de-cotation-des-titres-de-capital\/","title":{"rendered":"Lydec: suspension de cotation des titres de capital"},"content":{"rendered":"<div>\n<div class=\"field field-name-body field-type-text-with-summary field-label-hidden\">\n<div class=\"field-items\">\n<div class=\"field-item even\" property=\"content:encoded\">\n<p class=\"rtejustify\">La Bourse de Casablanca a annonc\u00e9, vendredi, la suspension de cotation des titres de capital de la soci\u00e9t\u00e9 Lydec.<\/p>\n<p class=\"rtejustify\">\u00ab Suite \u00e0 la demande de l\u2019Autorit\u00e9 Marocaine du March\u00e9 des Capitaux, la cotation des titres de capital de la soci\u00e9t\u00e9 LYDEC est suspendue \u00e0 partir du 14\/01\/2022 , et ce en attente de publication d\u2019informations importantes \u00bb, indique la Bourse dans un avis.<\/p>\n<p class=\"rtejustify\">\u00a0<\/p>\n<\/div>\n<\/div>\n<\/div>\n<\/div>\n<p>Auteur: mbasraoui<br \/>\n<a href=\"https:\/\/www.leconomiste.com\/flash-infos\/lydec-suspension-de-cotation-des-titres-de-capital\">Cliquez ici pour lire l&rsquo;article depuis sa source.<\/a><\/p>\n","protected":false},"excerpt":{"rendered":"<p>La Bourse de Casablanca a annonc\u00e9, vendredi, la suspension de cotation des titres de capital de la soci\u00e9t\u00e9 Lydec. \u00ab Suite \u00e0 la demande de l\u2019Autorit\u00e9 Marocaine du March\u00e9 des Capitaux, la cotation des titres de capital de la soci\u00e9t\u00e9 LYDEC est suspendue \u00e0 partir du 14\/01\/2022 , et ce en attente de publication d\u2019informations [&hellip;]<\/p>\n","protected":false},"author":1763,"featured_media":0,"comment_status":"closed","ping_status":"closed","sticky":false,"template":"","format":"standard","meta":{"fifu_image_url":"","fifu_image_alt":"","footnotes":""},"categories":[78,54],"tags":[],"class_list":["post-138518","post","type-post","status-publish","format-standard","hentry","category-economie","category-maroc"],"_links":{"self":[{"href":"https:\/\/linitiative.ca\/International\/wp-json\/wp\/v2\/posts\/138518","targetHints":{"allow":["GET"]}}],"collection":[{"href":"https:\/\/linitiative.ca\/International\/wp-json\/wp\/v2\/posts"}],"about":[{"href":"https:\/\/linitiative.ca\/International\/wp-json\/wp\/v2\/types\/post"}],"author":[{"embeddable":true,"href":"https:\/\/linitiative.ca\/International\/wp-json\/wp\/v2\/users\/1763"}],"replies":[{"embeddable":true,"href":"https:\/\/linitiative.ca\/International\/wp-json\/wp\/v2\/comments?post=138518"}],"version-history":[{"count":0,"href":"https:\/\/linitiative.ca\/International\/wp-json\/wp\/v2\/posts\/138518\/revisions"}],"wp:attachment":[{"href":"https:\/\/linitiative.ca\/International\/wp-json\/wp\/v2\/media?parent=138518"}],"wp:term":[{"taxonomy":"category","embeddable":true,"href":"https:\/\/linitiative.ca\/International\/wp-json\/wp\/v2\/categories?post=138518"},{"taxonomy":"post_tag","embeddable":true,"href":"https:\/\/linitiative.ca\/International\/wp-json\/wp\/v2\/tags?post=138518"}],"curies":[{"name":"wp","href":"https:\/\/api.w.org\/{rel}","templated":true}]}}