{"id":138520,"date":"2022-01-14T12:00:00","date_gmt":"2022-01-14T17:00:00","guid":{"rendered":"https:\/\/linitiative.ca\/International\/une-nouvelle-piste-a-0e-pour-le-barca\/"},"modified":"2022-01-14T12:00:00","modified_gmt":"2022-01-14T17:00:00","slug":"une-nouvelle-piste-a-0e-pour-le-barca","status":"publish","type":"post","link":"https:\/\/linitiative.ca\/International\/une-nouvelle-piste-a-0e-pour-le-barca\/","title":{"rendered":"Une nouvelle piste \u00e0 0\u20ac pour le Bar\u00e7a !"},"content":{"rendered":"<div>Confront\u00e9 \u00e0 de gros soucis d\u00e9fensifs cette saison, le FC Barcelone cherche toujours son patron de l\u2019arri\u00e8re-garde.<\/div>\n<p>Auteur:<br \/>\n<a href=\"https:\/\/www.lebuteur.com\/article\/detail?titre=une-nouvelle-piste-a-0%E2%82%AC-pour-le-barca&#038;id=102064\">Cliquez ici pour lire l&rsquo;article depuis sa source.<\/a><\/p>\n","protected":false},"excerpt":{"rendered":"<p>Confront\u00e9 \u00e0 de gros soucis d\u00e9fensifs cette saison, le FC Barcelone cherche toujours son patron de l\u2019arri\u00e8re-garde. Auteur: Cliquez ici pour lire l&rsquo;article depuis sa source.<\/p>\n","protected":false},"author":1738,"featured_media":0,"comment_status":"closed","ping_status":"closed","sticky":false,"template":"","format":"standard","meta":{"fifu_image_url":"","fifu_image_alt":"","footnotes":""},"categories":[53,75],"tags":[],"class_list":["post-138520","post","type-post","status-publish","format-standard","hentry","category-algerie","category-sport"],"_links":{"self":[{"href":"https:\/\/linitiative.ca\/International\/wp-json\/wp\/v2\/posts\/138520","targetHints":{"allow":["GET"]}}],"collection":[{"href":"https:\/\/linitiative.ca\/International\/wp-json\/wp\/v2\/posts"}],"about":[{"href":"https:\/\/linitiative.ca\/International\/wp-json\/wp\/v2\/types\/post"}],"author":[{"embeddable":true,"href":"https:\/\/linitiative.ca\/International\/wp-json\/wp\/v2\/users\/1738"}],"replies":[{"embeddable":true,"href":"https:\/\/linitiative.ca\/International\/wp-json\/wp\/v2\/comments?post=138520"}],"version-history":[{"count":0,"href":"https:\/\/linitiative.ca\/International\/wp-json\/wp\/v2\/posts\/138520\/revisions"}],"wp:attachment":[{"href":"https:\/\/linitiative.ca\/International\/wp-json\/wp\/v2\/media?parent=138520"}],"wp:term":[{"taxonomy":"category","embeddable":true,"href":"https:\/\/linitiative.ca\/International\/wp-json\/wp\/v2\/categories?post=138520"},{"taxonomy":"post_tag","embeddable":true,"href":"https:\/\/linitiative.ca\/International\/wp-json\/wp\/v2\/tags?post=138520"}],"curies":[{"name":"wp","href":"https:\/\/api.w.org\/{rel}","templated":true}]}}