{"id":138525,"date":"2022-01-14T03:00:00","date_gmt":"2022-01-14T08:00:00","guid":{"rendered":"https:\/\/linitiative.ca\/International\/hymne-a-la-verite-celle-quon-ne-veut-pas-dire-et-celle-quon-naimerait-pas-entendre\/"},"modified":"2022-01-14T03:00:00","modified_gmt":"2022-01-14T08:00:00","slug":"hymne-a-la-verite-celle-quon-ne-veut-pas-dire-et-celle-quon-naimerait-pas-entendre","status":"publish","type":"post","link":"https:\/\/linitiative.ca\/International\/hymne-a-la-verite-celle-quon-ne-veut-pas-dire-et-celle-quon-naimerait-pas-entendre\/","title":{"rendered":"Hymne \u00e0 la v\u00e9rit\u00e9! Celle qu&rsquo;on ne veut pas dire, et celle qu&rsquo;on n&rsquo;aimerait pas entendre\u2026."},"content":{"rendered":"<div><img decoding=\"async\" src=\"https:\/\/linitiative.ca\/International\/wp-content\/uploads\/sites\/23\/2022\/01\/1642090739_article.jpg\" alt=\"Hymne \u00e0 la v\u00e9rit\u00e9! Celle qu\" on ne veut pas dire et celle qu n entendre align=\"left\">Par Hager Ben Cheikh Ahmed &#8211; Enfants, on nous a appris \u00e0 dire la v\u00e9rit\u00e9, c\u2019est d\u2019ailleurs de la bouche des enfants qu\u2019elle sort souvent. En ces temps d&rsquo;insouciance, il fallait dire la v\u00e9rit\u00e9 parce que mentir revenait \u00e0 commettre un p\u00e9ch\u00e9. Pourtant certains, en devenant adultes, auront quand m\u00eame appris \u00e0 mentir, ou \u00e0 taire la v\u00e9rit\u00e9, car \u00ab la raison se compose de v\u00e9rit\u00e9s qu\u2019il faut dire et de v\u00e9rit\u00e9s qu\u2019il faut taire \u00bb (Antoine de Rivarol dans Maximes, pens\u00e9es et paradoxes). D\u2019ailleurs la nuance est de taille, mentir revient \u00e0 d\u00e9former la r\u00e9alit\u00e9 des faits, tandis que taire la v\u00e9rit\u00e9, revient \u00e0 \u00e9touffer des faits r\u00e9els. La fronti\u00e8re entre mensonge &#8230;<\/p>\n<\/div>\n<p>Auteur:<br \/>\n<a href=\"https:\/\/www.leaders.com.tn\/article\/32862-hymne-a-la-verite-celle-qu-on-ne-veut-pas-dire-et-celle-qu-on-n-aimerait-pas-entendre\">Cliquez ici pour lire l&rsquo;article depuis sa source.<\/a><\/p>\n","protected":false},"excerpt":{"rendered":"<p>Par Hager Ben Cheikh Ahmed &#8211; Enfants, on nous a appris \u00e0 dire la v\u00e9rit\u00e9, c\u2019est d\u2019ailleurs de la bouche des enfants qu\u2019elle sort souvent. En ces temps d&rsquo;insouciance, il fallait dire la v\u00e9rit\u00e9 parce que mentir revenait \u00e0 commettre un p\u00e9ch\u00e9. Pourtant certains, en devenant adultes, auront quand m\u00eame appris \u00e0 mentir, ou \u00e0 [&hellip;]<\/p>\n","protected":false},"author":1772,"featured_media":0,"comment_status":"closed","ping_status":"closed","sticky":false,"template":"","format":"standard","meta":{"fifu_image_url":"http:\/\/www.leaders.com.tn\/uploads\/content\/thumbnails_small\/1642090739_article.jpg","fifu_image_alt":"<div>Hymne \u00e0 la v\u00e9rit\u00e9! Celle qu'on ne veut pas dire, et celle qu'on n'aimerait pas entendre\u2026.<\/div>","footnotes":""},"categories":[73,55],"tags":[],"class_list":["post-138525","post","type-post","status-publish","format-standard","hentry","category-actualite","category-tunisie"],"_links":{"self":[{"href":"https:\/\/linitiative.ca\/International\/wp-json\/wp\/v2\/posts\/138525","targetHints":{"allow":["GET"]}}],"collection":[{"href":"https:\/\/linitiative.ca\/International\/wp-json\/wp\/v2\/posts"}],"about":[{"href":"https:\/\/linitiative.ca\/International\/wp-json\/wp\/v2\/types\/post"}],"author":[{"embeddable":true,"href":"https:\/\/linitiative.ca\/International\/wp-json\/wp\/v2\/users\/1772"}],"replies":[{"embeddable":true,"href":"https:\/\/linitiative.ca\/International\/wp-json\/wp\/v2\/comments?post=138525"}],"version-history":[{"count":0,"href":"https:\/\/linitiative.ca\/International\/wp-json\/wp\/v2\/posts\/138525\/revisions"}],"wp:attachment":[{"href":"https:\/\/linitiative.ca\/International\/wp-json\/wp\/v2\/media?parent=138525"}],"wp:term":[{"taxonomy":"category","embeddable":true,"href":"https:\/\/linitiative.ca\/International\/wp-json\/wp\/v2\/categories?post=138525"},{"taxonomy":"post_tag","embeddable":true,"href":"https:\/\/linitiative.ca\/International\/wp-json\/wp\/v2\/tags?post=138525"}],"curies":[{"name":"wp","href":"https:\/\/api.w.org\/{rel}","templated":true}]}}