{"id":138529,"date":"2022-01-14T09:03:00","date_gmt":"2022-01-14T14:03:00","guid":{"rendered":"https:\/\/linitiative.ca\/International\/tunisie-tous-ensembles-contre-lanalphabetisme-et-labandon-scolaire\/"},"modified":"2022-01-14T09:03:00","modified_gmt":"2022-01-14T14:03:00","slug":"tunisie-tous-ensembles-contre-lanalphabetisme-et-labandon-scolaire","status":"publish","type":"post","link":"https:\/\/linitiative.ca\/International\/tunisie-tous-ensembles-contre-lanalphabetisme-et-labandon-scolaire\/","title":{"rendered":"Tunisie : Tous ensembles contre l\u2019analphab\u00e9tisme et l\u2019abandon scolaire"},"content":{"rendered":"<div><img decoding=\"async\" src=\"https:\/\/linitiative.ca\/International\/wp-content\/uploads\/sites\/23\/2022\/01\/1642175982_article.jpg\" alt=\"Tunisie : Tous ensembles contre l\u2019analphab\u00e9tisme et l\u2019abandon scolaire \" align=\"left\"><br \/>\nPar Ridha Bergaoui &#8211; Un analphab\u00e8te ou illettr\u00e9 est essentiellement une personne qui ne sait ni lire ni \u00e9crire et calculer. Quoiqu\u2019on ait tendance \u00e0 consid\u00e9rer les deux termes comme synonymes, une nuance importante existe cependant.<br \/>\nL\u2019analphab\u00e8te ne sait ni lire ni \u00e9crire parce qu\u2019il n\u2019est jamais all\u00e9 \u00e0 l\u2019\u00e9cole alors que l\u2019illettr\u00e9 est all\u00e9 \u00e0 l\u2019\u00e9cole mais a d\u00fb l\u2019a quitt\u00e9 tr\u00e8s t\u00f4t sans pouvoir maitriser et pratiquer la lecture ou l\u2019\u00e9criture de sa langue maternelle. Le r\u00e9sultat \u00e9tant le m\u00eame, dans la plupart des cas, le terme analphab\u00e9tisme groupe \u00e0 la fois analphab\u00e8tes et illettr\u00e9s.<br \/>\nCompte tenu de son importance et son r\u00f4le primordial comme &#8230;<\/p>\n<\/div>\n<p>Auteur:<br \/>\n<a href=\"https:\/\/www.leaders.com.tn\/article\/32865-tunisie-tous-ensembles-contre-l-analphabetisme-et-l-abandon-scolaire\">Cliquez ici pour lire l&rsquo;article depuis sa source.<\/a><\/p>\n","protected":false},"excerpt":{"rendered":"<p>Par Ridha Bergaoui &#8211; Un analphab\u00e8te ou illettr\u00e9 est essentiellement une personne qui ne sait ni lire ni \u00e9crire et calculer. Quoiqu\u2019on ait tendance \u00e0 consid\u00e9rer les deux termes comme synonymes, une nuance importante existe cependant. L\u2019analphab\u00e8te ne sait ni lire ni \u00e9crire parce qu\u2019il n\u2019est jamais all\u00e9 \u00e0 l\u2019\u00e9cole alors que l\u2019illettr\u00e9 est all\u00e9 [&hellip;]<\/p>\n","protected":false},"author":1772,"featured_media":0,"comment_status":"closed","ping_status":"closed","sticky":false,"template":"","format":"standard","meta":{"fifu_image_url":"http:\/\/www.leaders.com.tn\/uploads\/content\/thumbnails_small\/1642175982_article.jpg","fifu_image_alt":"Tunisie : Tous ensembles contre l\u2019analphab\u00e9tisme et l\u2019abandon scolaire","footnotes":""},"categories":[73,55],"tags":[],"class_list":["post-138529","post","type-post","status-publish","format-standard","hentry","category-actualite","category-tunisie"],"_links":{"self":[{"href":"https:\/\/linitiative.ca\/International\/wp-json\/wp\/v2\/posts\/138529","targetHints":{"allow":["GET"]}}],"collection":[{"href":"https:\/\/linitiative.ca\/International\/wp-json\/wp\/v2\/posts"}],"about":[{"href":"https:\/\/linitiative.ca\/International\/wp-json\/wp\/v2\/types\/post"}],"author":[{"embeddable":true,"href":"https:\/\/linitiative.ca\/International\/wp-json\/wp\/v2\/users\/1772"}],"replies":[{"embeddable":true,"href":"https:\/\/linitiative.ca\/International\/wp-json\/wp\/v2\/comments?post=138529"}],"version-history":[{"count":0,"href":"https:\/\/linitiative.ca\/International\/wp-json\/wp\/v2\/posts\/138529\/revisions"}],"wp:attachment":[{"href":"https:\/\/linitiative.ca\/International\/wp-json\/wp\/v2\/media?parent=138529"}],"wp:term":[{"taxonomy":"category","embeddable":true,"href":"https:\/\/linitiative.ca\/International\/wp-json\/wp\/v2\/categories?post=138529"},{"taxonomy":"post_tag","embeddable":true,"href":"https:\/\/linitiative.ca\/International\/wp-json\/wp\/v2\/tags?post=138529"}],"curies":[{"name":"wp","href":"https:\/\/api.w.org\/{rel}","templated":true}]}}