{"id":138533,"date":"2022-01-14T06:37:06","date_gmt":"2022-01-14T11:37:06","guid":{"rendered":"https:\/\/linitiative.ca\/International\/digital-le-maroc-lance-la-marque-moroccotech\/"},"modified":"2022-01-14T06:37:06","modified_gmt":"2022-01-14T11:37:06","slug":"digital-le-maroc-lance-la-marque-moroccotech","status":"publish","type":"post","link":"https:\/\/linitiative.ca\/International\/digital-le-maroc-lance-la-marque-moroccotech\/","title":{"rendered":"Digital. Le Maroc lance la marque MoroccoTech"},"content":{"rendered":"<div><img decoding=\"async\" width=\"1280\" height=\"960\" src=\"https:\/\/linitiative.ca\/International\/wp-content\/uploads\/sites\/23\/2022\/01\/Lancement_Morocco.Tech_.jpeg\" class=\"attachment-post-thumbnail size-post-thumbnail wp-post-image\" alt=\"\" loading=\"lazy\" srcset=\"https:\/\/linitiative.ca\/International\/wp-content\/uploads\/sites\/23\/2022\/01\/Lancement_Morocco.Tech_.jpeg 1280w, https:\/\/www.challenge.ma\/wp-content\/uploads\/2022\/01\/Lancement_Morocco.Tech_-300x225.jpeg 300w, https:\/\/www.challenge.ma\/wp-content\/uploads\/2022\/01\/Lancement_Morocco.Tech_-1024x768.jpeg 1024w, https:\/\/www.challenge.ma\/wp-content\/uploads\/2022\/01\/Lancement_Morocco.Tech_-768x576.jpeg 768w, https:\/\/www.challenge.ma\/wp-content\/uploads\/2022\/01\/Lancement_Morocco.Tech_-360x270.jpeg 360w, https:\/\/www.challenge.ma\/wp-content\/uploads\/2022\/01\/Lancement_Morocco.Tech_-750x563.jpeg 750w\" sizes=\"auto, (max-width: 1280px) 100vw, 1280px\" itemprop=\"image\">Le royaume se donne les moyens de ses ambitions dans le domaine du digital. Le gouvernement vient en effet de lancer l\u2019initiative \u00ab\u00a0MoroccoTech\u00a0\u00bb, la marque nationale de promotion du secteur digital marocain.La ministre d\u00e9l\u00e9gu\u00e9e aupr\u00e8s du Chef du Gouvernement, charg\u00e9e de la Transition Num\u00e9rique et de la R\u00e9forme de l\u2019Administration,<\/div>\n<p>Auteur: challenge<br \/>\n<a href=\"https:\/\/www.challenge.ma\/digital-le-maroc-lance-la-marque-moroccotech-230626\/\">Cliquez ici pour lire l&rsquo;article depuis sa source.<\/a><\/p>\n","protected":false},"excerpt":{"rendered":"<p>Le royaume se donne les moyens de ses ambitions dans le domaine du digital. Le gouvernement vient en effet de lancer l\u2019initiative \u00ab\u00a0MoroccoTech\u00a0\u00bb, la marque nationale de promotion du secteur digital marocain.La ministre d\u00e9l\u00e9gu\u00e9e aupr\u00e8s du Chef du Gouvernement, charg\u00e9e de la Transition Num\u00e9rique et de la R\u00e9forme de l\u2019Administration, Auteur: challenge Cliquez ici pour [&hellip;]<\/p>\n","protected":false},"author":1787,"featured_media":0,"comment_status":"closed","ping_status":"closed","sticky":false,"template":"","format":"standard","meta":{"fifu_image_url":"https:\/\/www.challenge.ma\/wp-content\/uploads\/2022\/01\/Lancement_Morocco.Tech_.jpeg","fifu_image_alt":"Digital. Le Maroc lance la marque MoroccoTech","footnotes":""},"categories":[78,54],"tags":[],"class_list":["post-138533","post","type-post","status-publish","format-standard","hentry","category-economie","category-maroc"],"_links":{"self":[{"href":"https:\/\/linitiative.ca\/International\/wp-json\/wp\/v2\/posts\/138533","targetHints":{"allow":["GET"]}}],"collection":[{"href":"https:\/\/linitiative.ca\/International\/wp-json\/wp\/v2\/posts"}],"about":[{"href":"https:\/\/linitiative.ca\/International\/wp-json\/wp\/v2\/types\/post"}],"author":[{"embeddable":true,"href":"https:\/\/linitiative.ca\/International\/wp-json\/wp\/v2\/users\/1787"}],"replies":[{"embeddable":true,"href":"https:\/\/linitiative.ca\/International\/wp-json\/wp\/v2\/comments?post=138533"}],"version-history":[{"count":0,"href":"https:\/\/linitiative.ca\/International\/wp-json\/wp\/v2\/posts\/138533\/revisions"}],"wp:attachment":[{"href":"https:\/\/linitiative.ca\/International\/wp-json\/wp\/v2\/media?parent=138533"}],"wp:term":[{"taxonomy":"category","embeddable":true,"href":"https:\/\/linitiative.ca\/International\/wp-json\/wp\/v2\/categories?post=138533"},{"taxonomy":"post_tag","embeddable":true,"href":"https:\/\/linitiative.ca\/International\/wp-json\/wp\/v2\/tags?post=138533"}],"curies":[{"name":"wp","href":"https:\/\/api.w.org\/{rel}","templated":true}]}}