{"id":138541,"date":"2022-01-14T16:05:28","date_gmt":"2022-01-14T21:05:28","guid":{"rendered":"https:\/\/linitiative.ca\/International\/beja-coronavirus-propagation-rapide-dans-les-etablissements-educatifs\/"},"modified":"2022-01-14T16:05:28","modified_gmt":"2022-01-14T21:05:28","slug":"beja-coronavirus-propagation-rapide-dans-les-etablissements-educatifs","status":"publish","type":"post","link":"https:\/\/linitiative.ca\/International\/beja-coronavirus-propagation-rapide-dans-les-etablissements-educatifs\/","title":{"rendered":"B\u00e9ja-Coronavirus : Propagation rapide dans les \u00e9tablissements \u00e9ducatifs"},"content":{"rendered":"<div>\n<p>Le Secr\u00e9taire G\u00e9n\u00e9ral de la branche syndicale de l\u2019enseignement secondaire de B\u00e9ja, Mourad Ouerhani a confirm\u00e9 dans une d\u00e9claration au correspondant Tunisienumerique que la situation \u00e9pid\u00e9miologique dans la r\u00e9gion est devenue pr\u00e9occupante apr\u00e8s avoir enregistr\u00e9 une augmentation du nombre d\u2019infections quotidiennes entre les \u00e9l\u00e8ves et les cadres \u00e9ducatifs. Les autorit\u00e9s sanitaires ont ferm\u00e9 le coll\u00e8ge [\u2026]<\/p>\n<p>L\u2019article <a href=\"https:\/\/www.tunisienumerique.com\/beja-coronavirus-propagation-rapide-dans-les-etablissements-educatifs\/\">B\u00e9ja-Coronavirus : Propagation rapide dans les \u00e9tablissements \u00e9ducatifs<\/a> est apparu en premier sur <a href=\"https:\/\/www.tunisienumerique.com\/\">Tunisie<\/a>.<\/p>\n<\/div>\n<p>Auteur: rania ben slimane<br \/>\n<a href=\"https:\/\/www.tunisienumerique.com\/beja-coronavirus-propagation-rapide-dans-les-etablissements-educatifs\/\">Cliquez ici pour lire l&rsquo;article depuis sa source.<\/a><\/p>\n","protected":false},"excerpt":{"rendered":"<p>Le Secr\u00e9taire G\u00e9n\u00e9ral de la branche syndicale de l\u2019enseignement secondaire de B\u00e9ja, Mourad Ouerhani a confirm\u00e9 dans une d\u00e9claration au correspondant Tunisienumerique que la situation \u00e9pid\u00e9miologique dans la r\u00e9gion est devenue pr\u00e9occupante apr\u00e8s avoir enregistr\u00e9 une augmentation du nombre d\u2019infections quotidiennes entre les \u00e9l\u00e8ves et les cadres \u00e9ducatifs. Les autorit\u00e9s sanitaires ont ferm\u00e9 le coll\u00e8ge [&hellip;]<\/p>\n","protected":false},"author":1789,"featured_media":0,"comment_status":"closed","ping_status":"closed","sticky":false,"template":"","format":"standard","meta":{"fifu_image_url":"","fifu_image_alt":"","footnotes":""},"categories":[73,55],"tags":[],"class_list":["post-138541","post","type-post","status-publish","format-standard","hentry","category-actualite","category-tunisie"],"_links":{"self":[{"href":"https:\/\/linitiative.ca\/International\/wp-json\/wp\/v2\/posts\/138541","targetHints":{"allow":["GET"]}}],"collection":[{"href":"https:\/\/linitiative.ca\/International\/wp-json\/wp\/v2\/posts"}],"about":[{"href":"https:\/\/linitiative.ca\/International\/wp-json\/wp\/v2\/types\/post"}],"author":[{"embeddable":true,"href":"https:\/\/linitiative.ca\/International\/wp-json\/wp\/v2\/users\/1789"}],"replies":[{"embeddable":true,"href":"https:\/\/linitiative.ca\/International\/wp-json\/wp\/v2\/comments?post=138541"}],"version-history":[{"count":0,"href":"https:\/\/linitiative.ca\/International\/wp-json\/wp\/v2\/posts\/138541\/revisions"}],"wp:attachment":[{"href":"https:\/\/linitiative.ca\/International\/wp-json\/wp\/v2\/media?parent=138541"}],"wp:term":[{"taxonomy":"category","embeddable":true,"href":"https:\/\/linitiative.ca\/International\/wp-json\/wp\/v2\/categories?post=138541"},{"taxonomy":"post_tag","embeddable":true,"href":"https:\/\/linitiative.ca\/International\/wp-json\/wp\/v2\/tags?post=138541"}],"curies":[{"name":"wp","href":"https:\/\/api.w.org\/{rel}","templated":true}]}}