{"id":138542,"date":"2022-01-14T16:28:13","date_gmt":"2022-01-14T21:28:13","guid":{"rendered":"https:\/\/linitiative.ca\/International\/tunisie-fernana-un-eleve-de-14-ans-tue-par-son-camarade-dans-les-wc-de-son-college\/"},"modified":"2022-01-14T16:28:13","modified_gmt":"2022-01-14T21:28:13","slug":"tunisie-fernana-un-eleve-de-14-ans-tue-par-son-camarade-dans-les-wc-de-son-college","status":"publish","type":"post","link":"https:\/\/linitiative.ca\/International\/tunisie-fernana-un-eleve-de-14-ans-tue-par-son-camarade-dans-les-wc-de-son-college\/","title":{"rendered":"Tunisie \u2013 Fernana\u00a0: Un \u00e9l\u00e8ve de 14 ans tu\u00e9 par son camarade dans les WC de son coll\u00e8ge\u00a0!"},"content":{"rendered":"<div>\n<p>Un \u00e9l\u00e8ve de 14 ans a \u00e9t\u00e9 tu\u00e9, cet apr\u00e8s midi par un camarade, dans les WC du coll\u00e8ge dans lequel ils \u00e9taient inscrits. Une dispute futile \u00e9tait \u00e0 l\u2019origine du drame, quand la victime a agress\u00e9 un autre \u00e9l\u00e8ve plus jeun, qui a, alors, appel\u00e9 en renfort, l\u2019autre adolescent qui a \u00e9trangl\u00e9 la victime [\u2026]<\/p>\n<p>L\u2019article <a href=\"https:\/\/www.tunisienumerique.com\/tunisie-fernana-un-eleve-de-14-ans-tue-par-son-camarade-dans-les-wc-de-son-college\/\">Tunisie \u2013 Fernana\u00a0: Un \u00e9l\u00e8ve de 14 ans tu\u00e9 par son camarade dans les WC de son coll\u00e8ge\u00a0!<\/a> est apparu en premier sur <a href=\"https:\/\/www.tunisienumerique.com\/\">Tunisie<\/a>.<\/p>\n<\/div>\n<p>Auteur: LM<br \/>\n<a href=\"https:\/\/www.tunisienumerique.com\/tunisie-fernana-un-eleve-de-14-ans-tue-par-son-camarade-dans-les-wc-de-son-college\/\">Cliquez ici pour lire l&rsquo;article depuis sa source.<\/a><\/p>\n","protected":false},"excerpt":{"rendered":"<p>Un \u00e9l\u00e8ve de 14 ans a \u00e9t\u00e9 tu\u00e9, cet apr\u00e8s midi par un camarade, dans les WC du coll\u00e8ge dans lequel ils \u00e9taient inscrits. Une dispute futile \u00e9tait \u00e0 l\u2019origine du drame, quand la victime a agress\u00e9 un autre \u00e9l\u00e8ve plus jeun, qui a, alors, appel\u00e9 en renfort, l\u2019autre adolescent qui a \u00e9trangl\u00e9 la victime [&hellip;]<\/p>\n","protected":false},"author":1789,"featured_media":0,"comment_status":"closed","ping_status":"closed","sticky":false,"template":"","format":"standard","meta":{"fifu_image_url":"","fifu_image_alt":"","footnotes":""},"categories":[73,55],"tags":[],"class_list":["post-138542","post","type-post","status-publish","format-standard","hentry","category-actualite","category-tunisie"],"_links":{"self":[{"href":"https:\/\/linitiative.ca\/International\/wp-json\/wp\/v2\/posts\/138542","targetHints":{"allow":["GET"]}}],"collection":[{"href":"https:\/\/linitiative.ca\/International\/wp-json\/wp\/v2\/posts"}],"about":[{"href":"https:\/\/linitiative.ca\/International\/wp-json\/wp\/v2\/types\/post"}],"author":[{"embeddable":true,"href":"https:\/\/linitiative.ca\/International\/wp-json\/wp\/v2\/users\/1789"}],"replies":[{"embeddable":true,"href":"https:\/\/linitiative.ca\/International\/wp-json\/wp\/v2\/comments?post=138542"}],"version-history":[{"count":0,"href":"https:\/\/linitiative.ca\/International\/wp-json\/wp\/v2\/posts\/138542\/revisions"}],"wp:attachment":[{"href":"https:\/\/linitiative.ca\/International\/wp-json\/wp\/v2\/media?parent=138542"}],"wp:term":[{"taxonomy":"category","embeddable":true,"href":"https:\/\/linitiative.ca\/International\/wp-json\/wp\/v2\/categories?post=138542"},{"taxonomy":"post_tag","embeddable":true,"href":"https:\/\/linitiative.ca\/International\/wp-json\/wp\/v2\/tags?post=138542"}],"curies":[{"name":"wp","href":"https:\/\/api.w.org\/{rel}","templated":true}]}}