{"id":138543,"date":"2022-01-14T16:28:38","date_gmt":"2022-01-14T21:28:38","guid":{"rendered":"https:\/\/linitiative.ca\/International\/tunisie-manifestations-daujourdhui-le-correspondant-de-liberation-a-tunis-tabasse-par-plusieurs-agents-de-police\/"},"modified":"2022-01-14T16:28:38","modified_gmt":"2022-01-14T21:28:38","slug":"tunisie-manifestations-daujourdhui-le-correspondant-de-liberation-a-tunis-tabasse-par-plusieurs-agents-de-police","status":"publish","type":"post","link":"https:\/\/linitiative.ca\/International\/tunisie-manifestations-daujourdhui-le-correspondant-de-liberation-a-tunis-tabasse-par-plusieurs-agents-de-police\/","title":{"rendered":"Tunisie-Manifestations d\u2019aujourd\u2019hui : Le correspondant de Lib\u00e9ration \u00e0 Tunis tabass\u00e9 par plusieurs agents de police"},"content":{"rendered":"<div>\n<p>Le correspondant de Lib\u00e9ration \u00e0 Tunis, Mathieu Galtier a \u00e9t\u00e9 agress\u00e9 par les forces de l\u2019ordre pendant les manifestations contre le pr\u00e9sident Kais Saied tenues aujourd\u2019hui, 14 janvier 2022, \u00e0 l\u2019Avenue Habib Bourguiba malgr\u00e9 l\u2019interdiction officielle de rassemblements dans les espaces publics en raison de l\u2019\u00e9pid\u00e9mie du Coronavirus. L\u2019agression du correspondant de Lib\u00e9ration a \u00e9t\u00e9 [\u2026]<\/p>\n<p>L\u2019article <a href=\"https:\/\/www.tunisienumerique.com\/tunisie-manifestations-daujourdhui-le-correspondant-de-liberation-a-tunis-tabasse-par-plusieurs-agents-de-police\/\">Tunisie-Manifestations d\u2019aujourd\u2019hui : Le correspondant de Lib\u00e9ration \u00e0 Tunis tabass\u00e9 par plusieurs agents de police<\/a> est apparu en premier sur <a href=\"https:\/\/www.tunisienumerique.com\/\">Tunisie<\/a>.<\/p>\n<\/div>\n<p>Auteur: rania ben slimane<br \/>\n<a href=\"https:\/\/www.tunisienumerique.com\/tunisie-manifestations-daujourdhui-le-correspondant-de-liberation-a-tunis-tabasse-par-plusieurs-agents-de-police\/\">Cliquez ici pour lire l&rsquo;article depuis sa source.<\/a><\/p>\n","protected":false},"excerpt":{"rendered":"<p>Le correspondant de Lib\u00e9ration \u00e0 Tunis, Mathieu Galtier a \u00e9t\u00e9 agress\u00e9 par les forces de l\u2019ordre pendant les manifestations contre le pr\u00e9sident Kais Saied tenues aujourd\u2019hui, 14 janvier 2022, \u00e0 l\u2019Avenue Habib Bourguiba malgr\u00e9 l\u2019interdiction officielle de rassemblements dans les espaces publics en raison de l\u2019\u00e9pid\u00e9mie du Coronavirus. L\u2019agression du correspondant de Lib\u00e9ration a \u00e9t\u00e9 [&hellip;]<\/p>\n","protected":false},"author":1789,"featured_media":0,"comment_status":"closed","ping_status":"closed","sticky":false,"template":"","format":"standard","meta":{"fifu_image_url":"","fifu_image_alt":"","footnotes":""},"categories":[73,55],"tags":[],"class_list":["post-138543","post","type-post","status-publish","format-standard","hentry","category-actualite","category-tunisie"],"_links":{"self":[{"href":"https:\/\/linitiative.ca\/International\/wp-json\/wp\/v2\/posts\/138543","targetHints":{"allow":["GET"]}}],"collection":[{"href":"https:\/\/linitiative.ca\/International\/wp-json\/wp\/v2\/posts"}],"about":[{"href":"https:\/\/linitiative.ca\/International\/wp-json\/wp\/v2\/types\/post"}],"author":[{"embeddable":true,"href":"https:\/\/linitiative.ca\/International\/wp-json\/wp\/v2\/users\/1789"}],"replies":[{"embeddable":true,"href":"https:\/\/linitiative.ca\/International\/wp-json\/wp\/v2\/comments?post=138543"}],"version-history":[{"count":0,"href":"https:\/\/linitiative.ca\/International\/wp-json\/wp\/v2\/posts\/138543\/revisions"}],"wp:attachment":[{"href":"https:\/\/linitiative.ca\/International\/wp-json\/wp\/v2\/media?parent=138543"}],"wp:term":[{"taxonomy":"category","embeddable":true,"href":"https:\/\/linitiative.ca\/International\/wp-json\/wp\/v2\/categories?post=138543"},{"taxonomy":"post_tag","embeddable":true,"href":"https:\/\/linitiative.ca\/International\/wp-json\/wp\/v2\/tags?post=138543"}],"curies":[{"name":"wp","href":"https:\/\/api.w.org\/{rel}","templated":true}]}}