{"id":138544,"date":"2022-01-14T16:53:35","date_gmt":"2022-01-14T21:53:35","guid":{"rendered":"https:\/\/linitiative.ca\/International\/tunisie-kasserine-arrestation-de-5-eleves-impliques-dans-lincendie-de-leur-dortoir\/"},"modified":"2022-01-14T16:53:35","modified_gmt":"2022-01-14T21:53:35","slug":"tunisie-kasserine-arrestation-de-5-eleves-impliques-dans-lincendie-de-leur-dortoir","status":"publish","type":"post","link":"https:\/\/linitiative.ca\/International\/tunisie-kasserine-arrestation-de-5-eleves-impliques-dans-lincendie-de-leur-dortoir\/","title":{"rendered":"Tunisie \u2013 Kasserine\u00a0: Arrestation de 5 \u00e9l\u00e8ves impliqu\u00e9s dans l\u2019incendie de leur dortoir"},"content":{"rendered":"<div>\n<p>Les agents du district de la garde nationale \u00e0 Kasserine, ont r\u00e9ussi \u00e0 appr\u00e9hender 5 \u00e9l\u00e8ves \u00e2g\u00e9s entre 15 et 16 ans, qui sont impliqu\u00e9 dans l\u2019incendie qui a d\u00e9vor\u00e9, il y a deux jours, leur dortoir. Ils ont expliqu\u00e9 leur geste par la d\u00e9t\u00e9rioration des conditions dans cet internat, et ils voulaient forcer la [\u2026]<\/p>\n<p>L\u2019article <a href=\"https:\/\/www.tunisienumerique.com\/tunisie-kasserine-arrestation-de-5-eleves-impliques-dans-lincendie-de-leur-dortoir\/\">Tunisie \u2013 Kasserine\u00a0: Arrestation de 5 \u00e9l\u00e8ves impliqu\u00e9s dans l\u2019incendie de leur dortoir<\/a> est apparu en premier sur <a href=\"https:\/\/www.tunisienumerique.com\/\">Tunisie<\/a>.<\/p>\n<\/div>\n<p>Auteur: LM<br \/>\n<a href=\"https:\/\/www.tunisienumerique.com\/tunisie-kasserine-arrestation-de-5-eleves-impliques-dans-lincendie-de-leur-dortoir\/\">Cliquez ici pour lire l&rsquo;article depuis sa source.<\/a><\/p>\n","protected":false},"excerpt":{"rendered":"<p>Les agents du district de la garde nationale \u00e0 Kasserine, ont r\u00e9ussi \u00e0 appr\u00e9hender 5 \u00e9l\u00e8ves \u00e2g\u00e9s entre 15 et 16 ans, qui sont impliqu\u00e9 dans l\u2019incendie qui a d\u00e9vor\u00e9, il y a deux jours, leur dortoir. Ils ont expliqu\u00e9 leur geste par la d\u00e9t\u00e9rioration des conditions dans cet internat, et ils voulaient forcer la [&hellip;]<\/p>\n","protected":false},"author":1789,"featured_media":0,"comment_status":"closed","ping_status":"closed","sticky":false,"template":"","format":"standard","meta":{"fifu_image_url":"","fifu_image_alt":"","footnotes":""},"categories":[73,55],"tags":[],"class_list":["post-138544","post","type-post","status-publish","format-standard","hentry","category-actualite","category-tunisie"],"_links":{"self":[{"href":"https:\/\/linitiative.ca\/International\/wp-json\/wp\/v2\/posts\/138544","targetHints":{"allow":["GET"]}}],"collection":[{"href":"https:\/\/linitiative.ca\/International\/wp-json\/wp\/v2\/posts"}],"about":[{"href":"https:\/\/linitiative.ca\/International\/wp-json\/wp\/v2\/types\/post"}],"author":[{"embeddable":true,"href":"https:\/\/linitiative.ca\/International\/wp-json\/wp\/v2\/users\/1789"}],"replies":[{"embeddable":true,"href":"https:\/\/linitiative.ca\/International\/wp-json\/wp\/v2\/comments?post=138544"}],"version-history":[{"count":0,"href":"https:\/\/linitiative.ca\/International\/wp-json\/wp\/v2\/posts\/138544\/revisions"}],"wp:attachment":[{"href":"https:\/\/linitiative.ca\/International\/wp-json\/wp\/v2\/media?parent=138544"}],"wp:term":[{"taxonomy":"category","embeddable":true,"href":"https:\/\/linitiative.ca\/International\/wp-json\/wp\/v2\/categories?post=138544"},{"taxonomy":"post_tag","embeddable":true,"href":"https:\/\/linitiative.ca\/International\/wp-json\/wp\/v2\/tags?post=138544"}],"curies":[{"name":"wp","href":"https:\/\/api.w.org\/{rel}","templated":true}]}}