{"id":138546,"date":"2022-01-14T00:40:53","date_gmt":"2022-01-14T05:40:53","guid":{"rendered":"https:\/\/linitiative.ca\/International\/can-2021-cap-vert-burkina-0-1-les-etalons-se-remettent-en-selle\/"},"modified":"2022-01-14T00:40:53","modified_gmt":"2022-01-14T05:40:53","slug":"can-2021-cap-vert-burkina-0-1-les-etalons-se-remettent-en-selle","status":"publish","type":"post","link":"https:\/\/linitiative.ca\/International\/can-2021-cap-vert-burkina-0-1-les-etalons-se-remettent-en-selle\/","title":{"rendered":"CAN 2021\/Cap-Vert-Burkina : 0-1 : les Etalons se remettent en selle"},"content":{"rendered":"<div>\n<p><strong>Victorieux 0-1 des Requins bleus, jeudi 13 janvier 2022 au complexe sportif d\u2019Olemb\u00e9, les Etalons se sont remis dans le sens de la marche vers la qualification apr\u00e8s leur faux pas lors de leur premi\u00e8re sortie dimanche dernier face aux Lions indomptables du Cameroun. <\/strong><\/p>\n<p>C\u2019\u00e9tait la journ\u00e9e des premi\u00e8res \u00e0 l\u2019occasion de leur deuxi\u00e8me sortie de poule (A) en phase finale de la 33e Coupe d\u2019Afrique des nations (CAN) TotalEnergies Cameroun 2021. En effet, si Boureima Hassane Band\u00e9 a \u00e9t\u00e9 le seul buteur de la rencontre, sa premi\u00e8re titularisation \u00e0 une phase finale de CAN, Kamou Malo, le coach, lui, \u00e9tait \u00e0 son premier match et sa premi\u00e8re victoire en CAN. Contrairement au onze de d\u00e9part contre les Lions indomptables du Cameroun, et en l\u2019absence de Bertrand Traor\u00e9 (test\u00e9 positif), le s\u00e9lectionneur national, pour son retour sur le banc, op\u00e8re deux changements. Avait-il vraiment le choix ? Non, puisqu\u2019avec le retour Edmond Tapsoba, c\u2019est Steeve Yago qui avait d\u00e9pann\u00e9 dans l\u2019axe central lors du 1er match, retrouve sa place dans le couloir droit en remplacement de Patrick Malo. Sur le front de l\u2019attaque, Boureima Hassane est choisi pour pallier l\u2019absence de Bertrand. Dans les gradins, le Burkina Faso est maitre des lieux \u00e0 travers ses nombreux supporters qui donnent de la voix. Cette ambiance a, \u00e0 coup s\u00fbr, galvanis\u00e9 les poulains de Kamou Malo qui passent tout pr\u00e8s de l\u2019ouverture du score (4e). Mais Gustavo Fabrice Sangar\u00e9 perd son duel face au portier capverdien. En ce d\u00e9but de match, les meilleures initiatives sont Burkinab\u00e8. Le plan de Malo marche \u00e0 merveille. Ses \u00e9l\u00e9ments quadrillent bien l\u2019aire du jeu. Les Requins bleus sont \u00e9touff\u00e9s. Comme pour vouloir en finir rapidement avec l\u2019adversaire, c\u2019est Edmond Tapsoba (12e) qui viendra mettre le dernier rempart des Requins en difficult\u00e9 sur un coup franc tendu. Les Etalons sont bien entr\u00e9s dans ce match capital, sauf que Issa Kabor\u00e9 n\u2019a pas chang\u00e9 ses habitudes.<\/p>\n<p>Centres et passes approximatifs, mauvaises d\u00e9cisions sont, entre autres, maux qui caract\u00e9risent d\u2019entr\u00e9e sa production. Ce qui fait que le jeu offensif des Etalons est un peu brouillon. La formation capverdienne en profite et proc\u00e8de par des contre-attaques. J\u00falio Tavares et ses co\u00e9quipiers, gr\u00e2ce \u00e0 quelques incursions dans le camp Burkinab\u00e8, obtiennent des coups francs. Ce qui n\u2019emp\u00eache pas les Etalons de continuer \u00e0 appuyer sur l\u2019acc\u00e9l\u00e9rateur avec Boureima Hassane Band\u00e9 (27e) qui vient lui aussi buter sur le portier capverdien. La demi-heure de jeu est largement domin\u00e9e par le Burkina Faso. Cependant, les Etalons ont failli se faire surprendre (30e) suite \u00e0 une mauvaise appr\u00e9ciation de l\u2019axe central burkinab\u00e8. Heureusement sans frais, puisque le portier Herv\u00e9 Kouakou Koffi, du bout des doigts, a r\u00e9ussi \u00e0 mettre la balle hors du cadre. Arrive la 38e mn o\u00f9 Issa Kabor\u00e9 va se racheter de tous ses centres mal ajust\u00e9s. Cette fois, son joli centre millim\u00e9tr\u00e9 trouve Boureima Hassane Band\u00e9 qui exp\u00e9die de la poitrine, la balle au fond de filets. Justice est rendue puisque Yssoufou Dayo et ses camarades auraient pu mener au score 4-0 que personne n\u2019aurait cri\u00e9 au scandale.<\/p>\n<h2><strong>Blati Tour\u00e9, d\u00e9sign\u00e9 homme du match<\/strong><\/h2>\n<p>De retour des vestiaires, le match baisse d\u2019intensit\u00e9. Les Etalons perdent leur ferveur de la 1re p\u00e9riode. Ils s\u2019exposent, en pla\u00e7ant leur bloc bas. Le danger est permanant. Et il a encore fallu un Herv\u00e9 Kouakou Koffi des grands jours pour sauver les meubles \u00e0 la 63e mn. Les Requins commencent, \u00e0 partir de cet instant, \u00e0 prendre un l\u00e9ger ascendant sur la partie. Sentant que le danger est proche, Kamou Malo d\u00e9cide de faire entrer successivement en jeu Zakaria Sanogo (69e) et Isma\u00efla Ou\u00e9draogo respectivement en lieu et place de Fessal Tapsoba et Gustavo Fabrice Sangar\u00e9. Malgr\u00e9 tout, rien ne change. Ensuite c\u2019est au tour de Cyrile Bayala (77e) de sortir pour Mohamed Konat\u00e9. Mais toujours rien. C\u2019est un jeu terne, st\u00e9r\u00e9otyp\u00e9 que les poulains du coach Malo ont laiss\u00e9 \u00e0 voir durant la derni\u00e8re partie du match. Mais l\u2018essentiel n\u2019\u00e9tait-il pas la victoire ? \u00ab Affirmatif \u00bb, r\u00e9pond Kamou Malo \u00e0 l\u2019issue de la rencontre. Selon lui le rel\u00e2chement de la 2e partie est d\u00fb au manque d\u2019exp\u00e9rience de ses poulains. \u00ab Ils ont jou\u00e9 le frein en main de peur de se faire rejoindre au score \u00bb, pr\u00e9cise-t-il. Et pour agr\u00e9menter cette victoire qui remet en selle les Etalons pour la suite de la comp\u00e9tition, le milieu Burkinab\u00e8 Ibrahim Blati Tour\u00e9, a \u00e9t\u00e9 d\u00e9sign\u00e9 homme du match.<\/p>\n<p style=\"text-align: right\"><strong>Yves OUEDRAOGO <\/strong><\/p>\n<p style=\"text-align: right\"><strong>Envoy\u00e9 sp\u00e9cial \u00e0 Yaound\u00e9<\/strong><\/p>\n<p>L\u2019article <a rel=\"nofollow\" href=\"https:\/\/www.sidwaya.info\/blog\/2022\/01\/14\/can-2021-cap-vert-burkina-0-1-les-etalons-se-remettent-en-selle\/\">CAN 2021\/Cap-Vert-Burkina : 0-1 : les Etalons se remettent en selle<\/a> est apparu en premier sur <a rel=\"nofollow\" href=\"https:\/\/www.sidwaya.info\/\">Quotidien Sidwaya<\/a>.<\/p>\n<\/div>\n<p>Auteur: JK. Sidwaya<br \/>\n<a href=\"https:\/\/www.sidwaya.info\/blog\/2022\/01\/14\/can-2021-cap-vert-burkina-0-1-les-etalons-se-remettent-en-selle\/?utm_source=rss&#038;utm_medium=rss&#038;utm_campaign=can-2021-cap-vert-burkina-0-1-les-etalons-se-remettent-en-selle\">Cliquez ici pour lire l&rsquo;article depuis sa source.<\/a><\/p>\n","protected":false},"excerpt":{"rendered":"<p>Victorieux 0-1 des Requins bleus, jeudi 13 janvier 2022 au complexe sportif d\u2019Olemb\u00e9, les Etalons se sont remis dans le sens de la marche vers la qualification apr\u00e8s leur faux pas lors de leur premi\u00e8re sortie dimanche dernier face aux Lions indomptables du Cameroun. C\u2019\u00e9tait la journ\u00e9e des premi\u00e8res \u00e0 l\u2019occasion de leur deuxi\u00e8me sortie [&hellip;]<\/p>\n","protected":false},"author":1816,"featured_media":0,"comment_status":"closed","ping_status":"closed","sticky":false,"template":"","format":"standard","meta":{"fifu_image_url":"","fifu_image_alt":"","footnotes":""},"categories":[73,81],"tags":[],"class_list":["post-138546","post","type-post","status-publish","format-standard","hentry","category-actualite","category-burkina-faso"],"_links":{"self":[{"href":"https:\/\/linitiative.ca\/International\/wp-json\/wp\/v2\/posts\/138546","targetHints":{"allow":["GET"]}}],"collection":[{"href":"https:\/\/linitiative.ca\/International\/wp-json\/wp\/v2\/posts"}],"about":[{"href":"https:\/\/linitiative.ca\/International\/wp-json\/wp\/v2\/types\/post"}],"author":[{"embeddable":true,"href":"https:\/\/linitiative.ca\/International\/wp-json\/wp\/v2\/users\/1816"}],"replies":[{"embeddable":true,"href":"https:\/\/linitiative.ca\/International\/wp-json\/wp\/v2\/comments?post=138546"}],"version-history":[{"count":0,"href":"https:\/\/linitiative.ca\/International\/wp-json\/wp\/v2\/posts\/138546\/revisions"}],"wp:attachment":[{"href":"https:\/\/linitiative.ca\/International\/wp-json\/wp\/v2\/media?parent=138546"}],"wp:term":[{"taxonomy":"category","embeddable":true,"href":"https:\/\/linitiative.ca\/International\/wp-json\/wp\/v2\/categories?post=138546"},{"taxonomy":"post_tag","embeddable":true,"href":"https:\/\/linitiative.ca\/International\/wp-json\/wp\/v2\/tags?post=138546"}],"curies":[{"name":"wp","href":"https:\/\/api.w.org\/{rel}","templated":true}]}}