{"id":138548,"date":"2022-01-14T09:40:57","date_gmt":"2022-01-14T14:40:57","guid":{"rendered":"https:\/\/linitiative.ca\/International\/passage-du-franc-cfa-a-leco-les-enjeux-economiques-et-geopolitiques-en-debat\/"},"modified":"2022-01-14T09:40:57","modified_gmt":"2022-01-14T14:40:57","slug":"passage-du-franc-cfa-a-leco-les-enjeux-economiques-et-geopolitiques-en-debat","status":"publish","type":"post","link":"https:\/\/linitiative.ca\/International\/passage-du-franc-cfa-a-leco-les-enjeux-economiques-et-geopolitiques-en-debat\/","title":{"rendered":"Passage du franc CFA \u00e0 l\u2019Eco: Les enjeux \u00e9conomiques et g\u00e9opolitiques en d\u00e9bat"},"content":{"rendered":"<div>\n<p><strong>Le Bureau d\u2019analyse et des \u00e9tudes strat\u00e9giques (BAES) du minist\u00e8re de l\u2019\u00c9conomie, des Finances et du plan a organis\u00e9 la 2e \u00e9dition de sa conf\u00e9rence th\u00e9matique sur <em>\u00ab\u00a0les implications et enjeux du passage du franc CFA \u00e0 l\u2019\u00c9CO\u00a0\u00bb<\/em>, le jeudi 13 janvier 2022, \u00e0 Ouagadougou. <\/strong><\/p>\n<p>Le passage du franc CFA \u00e0 la monnaie commune de la CEDEAO, Eco, a des implications \u00e9conomiques et diplomatiques pour les Etats de la r\u00e9gion pris individuellement. Dans l\u2019objectif d\u2019aider les d\u00e9cideurs \u00e0 mieux cerner ces enjeux et se pr\u00e9parer \u00e0 y faire face, le Bureau d\u2019analyse et des \u00e9tudes strat\u00e9giques (BAES) du minist\u00e8re de l\u2019\u00c9conomie, des Finances et du Plan a organis\u00e9 la 2<sup>e<\/sup> \u00e9dition de sa conf\u00e9rence th\u00e9matique sur <em>\u00ab\u00a0les implications et enjeux du passage du franc CFA \u00e0 l\u2019\u00c9CO\u00a0\u00bb<\/em>, le jeudi 13 janvier 2022, \u00e0 Ouagadougou.<\/p>\n<figure id=\"attachment_44320\" aria-describedby=\"caption-attachment-44320\" style=\"width: 900px\" class=\"wp-caption alignnone\"><img decoding=\"async\" loading=\"lazy\" class=\"wp-image-44320 size-full\" src=\"https:\/\/linitiative.ca\/International\/wp-content\/uploads\/sites\/23\/2022\/01\/coord.jpg\" alt=\"\" width=\"900\" height=\"675\" srcset=\"https:\/\/linitiative.ca\/International\/wp-content\/uploads\/sites\/23\/2022\/01\/coord.jpg 900w, https:\/\/www.sidwaya.info\/wp-content\/uploads\/2022\/01\/coord-300x225.jpg 300w, https:\/\/www.sidwaya.info\/wp-content\/uploads\/2022\/01\/coord-768x576.jpg 768w, https:\/\/www.sidwaya.info\/wp-content\/uploads\/2022\/01\/coord-150x113.jpg 150w, https:\/\/www.sidwaya.info\/wp-content\/uploads\/2022\/01\/coord-696x522.jpg 696w, https:\/\/www.sidwaya.info\/wp-content\/uploads\/2022\/01\/coord-560x420.jpg 560w, https:\/\/www.sidwaya.info\/wp-content\/uploads\/2022\/01\/coord-80x60.jpg 80w, https:\/\/www.sidwaya.info\/wp-content\/uploads\/2022\/01\/coord-265x198.jpg 265w\" sizes=\"auto, (max-width: 900px) 100vw, 900px\"><figcaption id=\"caption-attachment-44320\" class=\"wp-caption-text\">Le coordonnateur du BAES, Casimir Kabor\u00e9<\/figcaption><\/figure>\n<p>Pour le coordonnateur du BAES, Casimir Kabor\u00e9, la tenue de cette conf\u00e9rence entre dans le cadre du lancement pr\u00e9vu en 2027 de la monnaie unique ind\u00e9pendante de la CEDEAO d\u00e9nomm\u00e9e \u00ab\u00a0ECO\u00a0\u00bb et vise \u00e0 lancer la r\u00e9flexion sur le sujet afin de d\u00e9gager des pistes d\u2019actions \u00e0 mettre \u00e0 la disposition des politiques\u00a0; le but ultime \u00e9tant d\u2019offrir au Burkina Faso les mat\u00e9riaux th\u00e9oriques et pratiques pour r\u00e9ussir son passage du FCFA \u00e0 l\u2019ECO. Pour d\u00e9cortiquer ses implications et les enjeux \u00e9conomiques de cette monnaie unique pour le pays des hommes int\u00e8gres, le BAES a fait appel \u00e0 l\u2019enseignant-chercheur en \u00e9conomique de l\u2019universit\u00e9 Norbert Zongo de Koudougou, Pr Mahamadou Diarra. Pour lui, toute union mon\u00e9taire comporte des avantages, mais aussi des co\u00fbts.<\/p>\n<p>Au niveau micro\u00e9conomique, l\u2019institution de l\u2019Eco aura pour effets b\u00e9n\u00e9fiques la baisse de l\u2019incertitude du taux de change, la disparition des co\u00fbts de transaction mon\u00e9taire, la r\u00e9duction de la volatilit\u00e9 li\u00e9e \u00e0 la sp\u00e9culation. Sur le plan macro\u00e9conomique, l\u2019Eco permettra d\u2019am\u00e9liorer la fonction d\u2019allocation des ressources \u00e0 travers le m\u00e9canisme des prix. <em>\u00ab\u00a0L\u2019introduction de l\u2019ECO offrira aux pays de la CEDEAO une belle opportunit\u00e9 de mutualiser leurs moyens mon\u00e9taires et de promouvoir leurs objectifs communs. Une monnaie supranationale accro\u00eet th\u00e9oriquement la cr\u00e9dibilit\u00e9, assure une meilleure stabilit\u00e9 financi\u00e8re et favorise l\u2019int\u00e9gration \u00e9conomique\u00a0\u00bb<\/em>, a soutenu Pr Diarra.<\/p>\n<p><strong>La diminution de l\u2019influence fran\u00e7aise<\/strong><\/p>\n<p>Pour ce qui est des inconv\u00e9nients, la monnaie a le d\u00e9savantage d\u2019engendrer la perte de la politique mon\u00e9taire et de change comme instruments de stabilisation conjoncturelle. En d\u2019autres termes, il devient impossible pour les Etats d\u2019utiliser le taux change pour am\u00e9liorer la comp\u00e9titivit\u00e9-prix des exportations, de recourir \u00e0 la politique mon\u00e9taire pour stabiliser les cycles conjoncturels, a indiqu\u00e9 l\u2019\u00e9conomiste. Pour une viabilit\u00e9 de l\u2019union mon\u00e9taire, il importe d\u2019avoir une convergence des \u00e9conomies des Etats membres. Cette convergence doit \u00eatre \u00e0 la fois r\u00e9elle (li\u00e9e aux revenus des habitants) et nominale, qui est relative \u00e0 l\u2019inflation, la monnaie, aux agr\u00e9gats budg\u00e9taires.<\/p>\n<p>S\u2019agit des implications au niveau national, l\u2019av\u00e8nement de l\u2019Eco aura l\u2019avantage de faciliter les \u00e9changes commerciaux avec les autres pays, d\u2019engendrer le rel\u00e2chement des contraintes sur la politique\u00a0\u00e9conomique au regard de la souplesse des crit\u00e8res de convergence de la CEDEAO. Il va \u00e9galement permettre d\u2019assurer le financement du d\u00e9ficit budg\u00e9taire par la Banque centrale, avec des montants pouvant atteindre 10% des recettes fiscales de l\u2019ann\u00e9e pr\u00e9c\u00e9dente.<\/p>\n<p>Le r\u00e9gime de change flexible de l\u2019Eco favorisera le r\u00e9\u00e9quilibrage du compte courant de\u00a0\u00a0\u00a0\u00a0\u00a0\u00a0\u00a0\u00a0 la\u00a0\u00a0\u00a0\u00a0\u00a0\u00a0 balance des paiements et permettra d\u2019\u00e9viter des d\u00e9ficits ext\u00e9rieurs excessifs gr\u00e2ce aux fluctuations du taux de change. Mais \u00e0 condition que les exportations aient une comp\u00e9titivit\u00e9-prix et que l\u2019\u00e9lasticit\u00e9 de la demande nationale d\u2019importation soit faible, a pr\u00e9cis\u00e9 l\u2019universitaire.<\/p>\n<p>Sans oublier que la d\u00e9pr\u00e9ciation de l\u2019Eco peut rench\u00e9rir les prix des importations et cr\u00e9er des pressions inflationnistes au niveau du Burkina Faso, qui est tr\u00e8s d\u00e9pendant de l\u2019ext\u00e9rieur\u00a0; avec un impact n\u00e9gatif sur les m\u00e9nages pauvres tr\u00e8s vuln\u00e9rables.<\/p>\n<figure id=\"attachment_44318\" aria-describedby=\"caption-attachment-44318\" style=\"width: 900px\" class=\"wp-caption alignnone\"><img decoding=\"async\" loading=\"lazy\" class=\"wp-image-44318 size-full\" src=\"https:\/\/linitiative.ca\/International\/wp-content\/uploads\/sites\/23\/2022\/01\/Illy.jpg\" alt=\"\" width=\"900\" height=\"675\" srcset=\"https:\/\/linitiative.ca\/International\/wp-content\/uploads\/sites\/23\/2022\/01\/Illy.jpg 900w, https:\/\/www.sidwaya.info\/wp-content\/uploads\/2022\/01\/Illy-300x225.jpg 300w, https:\/\/www.sidwaya.info\/wp-content\/uploads\/2022\/01\/Illy-768x576.jpg 768w, https:\/\/www.sidwaya.info\/wp-content\/uploads\/2022\/01\/Illy-150x113.jpg 150w, https:\/\/www.sidwaya.info\/wp-content\/uploads\/2022\/01\/Illy-696x522.jpg 696w, https:\/\/www.sidwaya.info\/wp-content\/uploads\/2022\/01\/Illy-560x420.jpg 560w, https:\/\/www.sidwaya.info\/wp-content\/uploads\/2022\/01\/Illy-80x60.jpg 80w, https:\/\/www.sidwaya.info\/wp-content\/uploads\/2022\/01\/Illy-265x198.jpg 265w\" sizes=\"auto, (max-width: 900px) 100vw, 900px\"><figcaption id=\"caption-attachment-44318\" class=\"wp-caption-text\">Professeur Illy Ouesseni : \u00ab Il serait souhaitable pour le Burkina d\u2019\u00e9laborer une strat\u00e9gie nationale de passage du FCFA \u00e0 l\u2019Eco \u00bb.<\/figcaption><\/figure>\n<p>Pour d\u00e9crypter les implications et enjeux g\u00e9opolitiques et diplomatiques de la future monnaie commune de la CEDEAO, le BAES a sollicit\u00e9 l\u2019expertise de l\u2019enseignant-chercheur en droit \u00e9conomique et mon\u00e9taire de l\u2019universit\u00e9 Thomas Snakara, Pr Illy Ousseni. Pour lui, le passage \u00e0 l\u2019Eco va cr\u00e9er un bouleversement g\u00e9opolitique dans la sous-r\u00e9gion ouest-africaine. Au niveau externe, la monnaie unique va occasionner la diminution de l\u2019influence fran\u00e7aise, \u00e0 travers la perte d\u2019un de ses meilleurs instruments qui est le franc CFA, et l\u2019accroissement des rivalit\u00e9s entre puissances internationales au niveau sein de la r\u00e9gion.<\/p>\n<p>Au plan interne, il y aura une redistribution des cartes, notamment dans la gestion de la politique mon\u00e9taire, avec une \u00ab dilution \u00bb de la \u00ab puissance ivoirienne \u00bb suite \u00e0 l\u2019entr\u00e9e en sc\u00e8ne de la \u00ab super puissance \u00bb nig\u00e9riane et du Ghana.<\/p>\n<p><strong>La n\u00e9cessit\u00e9 d\u2019une strat\u00e9gie nationale<\/strong><\/p>\n<p>L\u2019accroissement de l\u2019attractivit\u00e9 de la r\u00e9gion va susciter l\u2019arriv\u00e9e des investisseurs, des touristes qui sera profitable pour le Burkina Faso. L\u2019institution de l\u2019Eco, a-t-il expliqu\u00e9, va cr\u00e9er des niches d\u2019opportunit\u00e9s pour les investisseurs et les exportateurs burkinab\u00e8. Sans perdre de vue que cette monnaie \u00e9conomique va augmenter le \u00ab prestige \u00bb et du \u00ab poids \u00bb du pays sur la sc\u00e8ne internationale.<\/p>\n<p>Mais il n\u2019y pas que des effets b\u00e9n\u00e9fiques. Car l\u2019union mon\u00e9taire r\u00e9gionale va engendrer la dilution de la capacit\u00e9 d\u2019influence du pays des hommes int\u00e8gres \u00e0 l\u2019int\u00e9rieur de la zone, augmenter la concurrence dans l\u2019attraction des investisseurs et dans la conqu\u00eate des march\u00e9s.<\/p>\n<p>Selon Pr Illy, le d\u00e9fi pour le Burkina Faso est comment impacter la politique mon\u00e9taire r\u00e9gionale dans le sens d\u2019une meilleure prise en compte de l\u2019int\u00e9r\u00eat national. Tout cela va susciter un besoin accru d\u2019expertise nationale en politique mon\u00e9taire et financi\u00e8re, a-t-il.<\/p>\n<p>Pour que le pays des hommes int\u00e8gres tire le meilleur parti du futur Eco, il doit falloir abandonner sa diplomatie traditionnelle pour d\u00e9velopper une diplomatie \u00e9conomique offensive. Il lui faut \u00e9galement cr\u00e9er une \u00ab Alliance strat\u00e9gique \u00bb avec\u00a0\u00a0\u00a0 le\u00a0\u00a0\u00a0\u00a0\u00a0\u00a0 secteur\u00a0\u00a0\u00a0\u00a0\u00a0\u00a0\u00a0\u00a0 priv\u00e9 national, \u00e0 travers un soutien politique et financier aux \u00ab champions nationaux\u00a0\u00bb.<\/p>\n<p>La mise en place d\u2019une coalition avec les pays de structures \u00e9conomiques semblables comme le Mali, le Niger, le Togo, etc. et le renforcement de l\u2019expertise nationale en mati\u00e8re de politique mon\u00e9taire et financi\u00e8re, s\u2019av\u00e8rent n\u00e9cessaires. En un mot, pour mieux cerner les d\u00e9fis et tirer le meilleur profit de ce changement, il serait souhaitable pour le Burkina Faso d\u2019\u00e9laborer une strat\u00e9gie nationale de passage du FCFA \u00e0 l\u2019Eco, a conclu Pr Illy.<\/p>\n<figure id=\"attachment_44319\" aria-describedby=\"caption-attachment-44319\" style=\"width: 900px\" class=\"wp-caption alignnone\"><img decoding=\"async\" loading=\"lazy\" class=\"wp-image-44319 size-full\" src=\"https:\/\/linitiative.ca\/International\/wp-content\/uploads\/sites\/23\/2022\/01\/pr-Diarra.jpg\" alt=\"\" width=\"900\" height=\"675\" srcset=\"https:\/\/linitiative.ca\/International\/wp-content\/uploads\/sites\/23\/2022\/01\/pr-Diarra.jpg 900w, https:\/\/www.sidwaya.info\/wp-content\/uploads\/2022\/01\/pr-Diarra-300x225.jpg 300w, https:\/\/www.sidwaya.info\/wp-content\/uploads\/2022\/01\/pr-Diarra-768x576.jpg 768w, https:\/\/www.sidwaya.info\/wp-content\/uploads\/2022\/01\/pr-Diarra-150x113.jpg 150w, https:\/\/www.sidwaya.info\/wp-content\/uploads\/2022\/01\/pr-Diarra-696x522.jpg 696w, https:\/\/www.sidwaya.info\/wp-content\/uploads\/2022\/01\/pr-Diarra-560x420.jpg 560w, https:\/\/www.sidwaya.info\/wp-content\/uploads\/2022\/01\/pr-Diarra-80x60.jpg 80w, https:\/\/www.sidwaya.info\/wp-content\/uploads\/2022\/01\/pr-Diarra-265x198.jpg 265w\" sizes=\"auto, (max-width: 900px) 100vw, 900px\"><figcaption id=\"caption-attachment-44319\" class=\"wp-caption-text\">Pr Mahamadou Diarra,<\/figcaption><\/figure>\n<p>Dans le m\u00eame ordre d\u2019id\u00e9es, Pr Diarra propose de travailler \u00e0 r\u00e9duire la d\u00e9pendance du pays vis-\u00e0-vis de l\u2019ext\u00e9rieur en dopant la production locale et en misant sur une industrialisation ax\u00e9e sur ses avantages comparatifs r\u00e9gionaux d\u2019abord et internationaux ensuite (textile, viande, cuir et peaux, b\u00e9tail, etc.). Enfin, il pr\u00e9conise de sensibiliser les Burkinab\u00e8 au consommons-local, d\u2019avoir un meilleur climat des affaires et des investissements et une discipline budg\u00e9taire pour faire face \u00e0 la concurrence fiscale.<\/p>\n<p style=\"text-align: right\"><strong>Mahamadi SEBOGO<\/strong><\/p>\n<p style=\"text-align: right\"><strong><a href=\"mailto:Windmad76@gmail.com\">Windmad76@gmail.com<\/a><\/strong><\/p>\n<p>L\u2019article <a rel=\"nofollow\" href=\"https:\/\/www.sidwaya.info\/blog\/2022\/01\/14\/passage-du-franc-cfa-a-leco-les-enjeux-economiques-et-geopolitiques-en-debat\/\">Passage du franc CFA \u00e0 l\u2019Eco: Les enjeux \u00e9conomiques et g\u00e9opolitiques en d\u00e9bat<\/a> est apparu en premier sur <a rel=\"nofollow\" href=\"https:\/\/www.sidwaya.info\/\">Quotidien Sidwaya<\/a>.<\/p>\n<\/div>\n<p>Auteur: BS. Sidwaya<br \/>\n<a href=\"https:\/\/www.sidwaya.info\/blog\/2022\/01\/14\/passage-du-franc-cfa-a-leco-les-enjeux-economiques-et-geopolitiques-en-debat\/?utm_source=rss&#038;utm_medium=rss&#038;utm_campaign=passage-du-franc-cfa-a-leco-les-enjeux-economiques-et-geopolitiques-en-debat\">Cliquez ici pour lire l&rsquo;article depuis sa source.<\/a><\/p>\n","protected":false},"excerpt":{"rendered":"<p>Le Bureau d\u2019analyse et des \u00e9tudes strat\u00e9giques (BAES) du minist\u00e8re de l\u2019\u00c9conomie, des Finances et du plan a organis\u00e9 la 2e \u00e9dition de sa conf\u00e9rence th\u00e9matique sur \u00ab\u00a0les implications et enjeux du passage du franc CFA \u00e0 l\u2019\u00c9CO\u00a0\u00bb, le jeudi 13 janvier 2022, \u00e0 Ouagadougou. Le passage du franc CFA \u00e0 la monnaie commune de [&hellip;]<\/p>\n","protected":false},"author":1816,"featured_media":0,"comment_status":"closed","ping_status":"closed","sticky":false,"template":"","format":"standard","meta":{"fifu_image_url":"https:\/\/www.sidwaya.info\/wp-content\/uploads\/2022\/01\/coord.jpg","fifu_image_alt":"Passage du franc CFA \u00e0 l\u2019Eco: Les enjeux \u00e9conomiques et g\u00e9opolitiques en d\u00e9bat","footnotes":""},"categories":[73,81],"tags":[],"class_list":["post-138548","post","type-post","status-publish","format-standard","hentry","category-actualite","category-burkina-faso"],"_links":{"self":[{"href":"https:\/\/linitiative.ca\/International\/wp-json\/wp\/v2\/posts\/138548","targetHints":{"allow":["GET"]}}],"collection":[{"href":"https:\/\/linitiative.ca\/International\/wp-json\/wp\/v2\/posts"}],"about":[{"href":"https:\/\/linitiative.ca\/International\/wp-json\/wp\/v2\/types\/post"}],"author":[{"embeddable":true,"href":"https:\/\/linitiative.ca\/International\/wp-json\/wp\/v2\/users\/1816"}],"replies":[{"embeddable":true,"href":"https:\/\/linitiative.ca\/International\/wp-json\/wp\/v2\/comments?post=138548"}],"version-history":[{"count":0,"href":"https:\/\/linitiative.ca\/International\/wp-json\/wp\/v2\/posts\/138548\/revisions"}],"wp:attachment":[{"href":"https:\/\/linitiative.ca\/International\/wp-json\/wp\/v2\/media?parent=138548"}],"wp:term":[{"taxonomy":"category","embeddable":true,"href":"https:\/\/linitiative.ca\/International\/wp-json\/wp\/v2\/categories?post=138548"},{"taxonomy":"post_tag","embeddable":true,"href":"https:\/\/linitiative.ca\/International\/wp-json\/wp\/v2\/tags?post=138548"}],"curies":[{"name":"wp","href":"https:\/\/api.w.org\/{rel}","templated":true}]}}