{"id":138557,"date":"2022-01-14T12:40:11","date_gmt":"2022-01-14T17:40:11","guid":{"rendered":"https:\/\/linitiative.ca\/International\/cameroun-une-semaine-de-can-ensanglantee-au-nord-ouest-et-au-sud-ouest\/"},"modified":"2022-01-14T12:40:11","modified_gmt":"2022-01-14T17:40:11","slug":"cameroun-une-semaine-de-can-ensanglantee-au-nord-ouest-et-au-sud-ouest","status":"publish","type":"post","link":"https:\/\/linitiative.ca\/International\/cameroun-une-semaine-de-can-ensanglantee-au-nord-ouest-et-au-sud-ouest\/","title":{"rendered":"Cameroun : une semaine de Can ensanglant\u00e9e au Nord-Ouest et au Sud-Ouest"},"content":{"rendered":"<div>\n<p><img decoding=\"async\" width=\"774\" height=\"785\" src=\"https:\/\/linitiative.ca\/International\/wp-content\/uploads\/sites\/23\/2022\/01\/Senateur-Henry-Kemende-Gamsey.jpg\" class=\"attachment-post-thumbnail size-post-thumbnail wp-post-image\" alt=\"Les violences avec mort d\u2019hommes sont survenues cette semaine \u00e0 Buea et \u00e0 Bamenda. journalducameroun.com\" loading=\"lazy\" srcset=\"https:\/\/linitiative.ca\/International\/wp-content\/uploads\/sites\/23\/2022\/01\/Senateur-Henry-Kemende-Gamsey.jpg 774w, https:\/\/www.journalducameroun.com\/wp-content\/uploads\/2022\/01\/Senateur-Henry-Kemende-Gamsey-296x300.jpg 296w, https:\/\/www.journalducameroun.com\/wp-content\/uploads\/2022\/01\/Senateur-Henry-Kemende-Gamsey-768x779.jpg 768w, https:\/\/www.journalducameroun.com\/wp-content\/uploads\/2022\/01\/Senateur-Henry-Kemende-Gamsey-434x440.jpg 434w, https:\/\/www.journalducameroun.com\/wp-content\/uploads\/2022\/01\/Senateur-Henry-Kemende-Gamsey-60x60.jpg 60w, https:\/\/www.journalducameroun.com\/wp-content\/uploads\/2022\/01\/Senateur-Henry-Kemende-Gamsey-100x100.jpg 100w, https:\/\/www.journalducameroun.com\/wp-content\/uploads\/2022\/01\/Senateur-Henry-Kemende-Gamsey-600x609.jpg 600w\" sizes=\"auto, (max-width: 774px) 100vw, 774px\"><\/p>\n<p><strong>Des violences survenues dans les r\u00e9gions anglophones du Cameroun ont entra\u00een\u00e9 la mort d\u2019au moins six personnes dont un s\u00e9nateur, un chef de village, un militaire entre le 11 et le 12 janvier 2022. \u00a0<\/strong><\/p>\n<p>\u00a0<\/p>\n<p>Il n\u2019y a point de tr\u00eave dans les r\u00e9gions anglophones en proie \u00e0 la crise s\u00e9curitaire au Cameroun. Cette semaine encore, les attaques non revendiqu\u00e9es par les auteurs ont fait de nombreux morts \u00e0 Buea et \u00e0 Bamenda,\u00a0principales villes des r\u00e9gions du Sud-Ouest et du Nord-Ouest.<\/p>\n<p>Le 12 janvier, des hommes arm\u00e9s ont ouvert le feu en p\u00e9riph\u00e9rie de la ville de Buea. Au cours de cette attaque, au moins deux civils et un militaire ont trouv\u00e9 la mort, rapportent nos confr\u00e8res de Rfi. Pourtant, la ville de Buea accueille des \u00e9quipes qui disputent la 33\u00e8 \u00e9dition de la <strong>Coupe d\u2019Afrique des Nation<\/strong> (CAN).<\/p>\n<p>Un jour avant cette attaque, c\u2019est \u00e0 <strong>Bamenda<\/strong> que les hommes arm\u00e9s \u00e9taient de passage. Ils y ont vers\u00e9 du sang, laissant les habitants dans la consternation. En effet, le 11 janvier 2022, les assaillants non identifi\u00e9s ont tir\u00e9 \u00ab\u00a0\u00e0 bout portant\u00a0\u00bb sur <strong>Henry Kemende<\/strong>, avocat et s\u00e9nateur du Social Democratic Front (<strong>SDF<\/strong>). Il a \u00e9t\u00e9 \u00e9lu en 2018 lors des derni\u00e8res s\u00e9natoriales au <strong>Cameroun<\/strong>.<\/p>\n<p>Selon le communiqu\u00e9 de son parti, le drame s\u2019est produit vers 20h. Le corps de Henry Kemende \u00ab\u00a0baignait dans une mare de sang lorsqu\u2019on l\u2019a trouv\u00e9. Urgemment transport\u00e9 au centre m\u00e9dical PMI Nkwen, il a rendu l\u2019\u00e2me peu apr\u00e8s\u00a0\u00bb. Le vice-pr\u00e9sident du parti de Joshua Osih, en regrettant cet acte dans la \u00ab\u00a0stup\u00e9faction\u00a0\u00bb, l\u2019attribue aux s\u00e9paratistes anglophones.<\/p>\n<p>La m\u00eame nuit, des hommes arm\u00e9s ont tu\u00e9 un chef de quartier \u00e0 Bamenda. L\u2019infortun\u00e9 a tent\u00e9 de s\u2019opposer \u00e0 l\u2019enl\u00e8vement de son voisin, selon le t\u00e9moignage de son enfant recueilli par BBC Afrique. De m\u00eame, \u00e0 une vingtaines de kilom\u00e8tres de Bamenda, le chef du village Bushi dans l\u2019arrondissement de Santa a \u00e9t\u00e9 abattu par des individus arm\u00e9s. Ces hommes l&rsquo;accusent en d\u2019\u00eatre de m\u00e8che avec les autorit\u00e9s des forces arm\u00e9es r\u00e9publicaines.<\/p>\n<p>Au regard de ces \u00e9v\u00e9nements tragiques, et de ceux qui les ont pr\u00e9c\u00e9d\u00e9s, la Can est de loin une f\u00eate dans ces deux r\u00e9gions. Les populations ont de la peine \u00e0 supporter leurs \u00e9quipes pr\u00e9f\u00e9r\u00e9es par peur des repr\u00e9sailles des s\u00e9paratistes. De ce fait, les supporters regardent les matchs \u00e0 domicile, sans grand bruit, r\u00e9v\u00e8le la m\u00eame source.<\/p>\n<p>\u00a0<\/p>\n<p>Cet article <a rel=\"nofollow\" href=\"https:\/\/www.journalducameroun.com\/cameroun-une-semaine-de-can-ensanglantee-au-nord-ouest-et-au-sud-ouest\/\">Cameroun : une semaine de Can ensanglant\u00e9e au Nord-Ouest et au Sud-Ouest<\/a> est apparu en premier sur <a rel=\"nofollow\" href=\"https:\/\/www.journalducameroun.com\/\">Journal du Cameroun<\/a>.<\/p>\n<\/div>\n<p>Auteur: Florine MOUANO<br \/>\n<a href=\"https:\/\/www.journalducameroun.com\/cameroun-une-semaine-de-can-ensanglantee-au-nord-ouest-et-au-sud-ouest\/\">Cliquez ici pour lire l&rsquo;article depuis sa source.<\/a><\/p>\n","protected":false},"excerpt":{"rendered":"<p>Des violences survenues dans les r\u00e9gions anglophones du Cameroun ont entra\u00een\u00e9 la mort d\u2019au moins six personnes dont un s\u00e9nateur, un chef de village, un militaire entre le 11 et le 12 janvier 2022. \u00a0 \u00a0 Il n\u2019y a point de tr\u00eave dans les r\u00e9gions anglophones en proie \u00e0 la crise s\u00e9curitaire au Cameroun. Cette [&hellip;]<\/p>\n","protected":false},"author":1965,"featured_media":0,"comment_status":"closed","ping_status":"closed","sticky":false,"template":"","format":"standard","meta":{"fifu_image_url":"https:\/\/www.journalducameroun.com\/wp-content\/uploads\/2022\/01\/Senateur-Henry-Kemende-Gamsey.jpg","fifu_image_alt":"Cameroun : une semaine de Can ensanglant\u00e9e au Nord-Ouest et au Sud-Ouest","footnotes":""},"categories":[73,82],"tags":[],"class_list":["post-138557","post","type-post","status-publish","format-standard","hentry","category-actualite","category-cameroun"],"_links":{"self":[{"href":"https:\/\/linitiative.ca\/International\/wp-json\/wp\/v2\/posts\/138557","targetHints":{"allow":["GET"]}}],"collection":[{"href":"https:\/\/linitiative.ca\/International\/wp-json\/wp\/v2\/posts"}],"about":[{"href":"https:\/\/linitiative.ca\/International\/wp-json\/wp\/v2\/types\/post"}],"author":[{"embeddable":true,"href":"https:\/\/linitiative.ca\/International\/wp-json\/wp\/v2\/users\/1965"}],"replies":[{"embeddable":true,"href":"https:\/\/linitiative.ca\/International\/wp-json\/wp\/v2\/comments?post=138557"}],"version-history":[{"count":0,"href":"https:\/\/linitiative.ca\/International\/wp-json\/wp\/v2\/posts\/138557\/revisions"}],"wp:attachment":[{"href":"https:\/\/linitiative.ca\/International\/wp-json\/wp\/v2\/media?parent=138557"}],"wp:term":[{"taxonomy":"category","embeddable":true,"href":"https:\/\/linitiative.ca\/International\/wp-json\/wp\/v2\/categories?post=138557"},{"taxonomy":"post_tag","embeddable":true,"href":"https:\/\/linitiative.ca\/International\/wp-json\/wp\/v2\/tags?post=138557"}],"curies":[{"name":"wp","href":"https:\/\/api.w.org\/{rel}","templated":true}]}}