{"id":138559,"date":"2022-01-14T14:18:03","date_gmt":"2022-01-14T19:18:03","guid":{"rendered":"https:\/\/linitiative.ca\/International\/sahel-une-decennie-marquee-par-une-hausse-des-refugies\/"},"modified":"2022-01-14T14:18:03","modified_gmt":"2022-01-14T19:18:03","slug":"sahel-une-decennie-marquee-par-une-hausse-des-refugies","status":"publish","type":"post","link":"https:\/\/linitiative.ca\/International\/sahel-une-decennie-marquee-par-une-hausse-des-refugies\/","title":{"rendered":"Sahel : une d\u00e9cennie marqu\u00e9e par une hausse des r\u00e9fugi\u00e9s"},"content":{"rendered":"<div>\n<p><img decoding=\"async\" width=\"225\" height=\"225\" src=\"https:\/\/linitiative.ca\/International\/wp-content\/uploads\/sites\/23\/2022\/01\/16421878837506.jpg\" class=\"attachment-post-thumbnail size-post-thumbnail wp-post-image\" alt=\"\" loading=\"lazy\" srcset=\"https:\/\/linitiative.ca\/International\/wp-content\/uploads\/sites\/23\/2022\/01\/16421878837506.jpg 225w, https:\/\/www.journalducameroun.com\/wp-content\/uploads\/2022\/01\/16421878837506-150x150.jpg 150w, https:\/\/www.journalducameroun.com\/wp-content\/uploads\/2022\/01\/16421878837506-60x60.jpg 60w, https:\/\/www.journalducameroun.com\/wp-content\/uploads\/2022\/01\/16421878837506-100x100.jpg 100w\" sizes=\"auto, (max-width: 225px) 100vw, 225px\"><\/p>\n<p>Le nombre des personnes d\u00e9racin\u00e9es a \u00e9t\u00e9 multipli\u00e9 par dix depuis 2013, passant de 217.000 \u00e0 un niveau alarmant de 2,1 millions fin 2021, affirme l&rsquo;Agence des Nations Unies pour les r\u00e9fugi\u00e9s.Ces derni\u00e8res ann\u00e9es, la situation s\u00e9curitaire s&rsquo;est lamentablement d\u00e9t\u00e9rior\u00e9e au Sahel. Elle a contraint de nombreuses personnes \u00e0 fuir leurs foyers. Selon le Haut Commissariat des Nations Unies pour les r\u00e9fugi\u00e9s \u00a0(HCR), le nombre de r\u00e9fugi\u00e9s dans les pays du Sahel central, \u00e0 savoir le Burkina Faso, le Mali et le Niger, s&rsquo;\u00e9l\u00e8ve d\u00e9sormais \u00e0 410.000. La majorit\u00e9 des r\u00e9fugi\u00e9s de la r\u00e9gion ont fui les violences au Mali, th\u00e9\u00e2tre d&rsquo;un conflit qui a d\u00e9but\u00e9 en janvier 2012.<\/p>\n<p>En 2021, soutient l&rsquo;organisme onusien, une recrudescence d&rsquo;attaques violentes dans toute la r\u00e9gion a entra\u00een\u00e9 le d\u00e9placement de pr\u00e8s de 500.000 personnes. Cela sans compter les chiffres du mois de d\u00e9cembre 2021 qui ne sont pas encore connus.<\/p>\n<p>D&rsquo;apr\u00e8s le HCR, citant des estimations de ses partenaires, les groupes arm\u00e9s auraient men\u00e9 plus de 800 attaques meurtri\u00e8res l&rsquo;ann\u00e9e derni\u00e8re. Ces violences ont entra\u00een\u00e9 le d\u00e9racinement de quelque 450.000 personnes dans leur pays et forc\u00e9 36.000 autres \u00e0 fuir dans un pays voisin.<\/p>\n<p>Rien qu&rsquo;au Burkina Faso, informe-t-il, le nombre total de d\u00e9plac\u00e9s internes est pass\u00e9 \u00e0 plus de 1,5 million \u00e0 la fin de 2021. Six personnes d\u00e9plac\u00e9es sur dix dans le Sahel sont d\u00e9sormais des Burkinab\u00e9s.<\/p>\n<p>Au Niger, le nombre de personnes d\u00e9plac\u00e9es dans les r\u00e9gions de Tillab\u00e9ri (sud-ouest) et Tahoua (sud-ouest) a augment\u00e9 de 53% au cours des 12 derniers mois. Au Mali voisin, plus de 400.000 personnes sont d\u00e9plac\u00e9es \u00e0 l&rsquo;int\u00e9rieur du pays, soit une augmentation de 30% par rapport \u00e0 l&rsquo;ann\u00e9e pr\u00e9c\u00e9dente, poursuit le HCR.<\/p>\n<p>Dans le m\u00eame temps, la situation humanitaire au Burkina Faso, au Mali et au Niger se d\u00e9t\u00e9riore rapidement dans un contexte de crises sur plusieurs fronts, d\u00e9plore le HCR. A en croire ce dernier, l&rsquo;ins\u00e9curit\u00e9 en est le principal moteur, aggrav\u00e9e par l&rsquo;extr\u00eame pauvret\u00e9, la pand\u00e9mie de Covid-19 et l&rsquo;aggravation des effets de la crise climatique. Les temp\u00e9ratures dans la r\u00e9gion augmentent 1,5 fois plus vite que la moyenne mondiale.<\/p>\n<p>Par ailleurs, le HCR signale d&rsquo;autres risques comme la violence sexuelle et sexiste, le difficile acc\u00e8s aux personnes dans le besoin, les attaques contre les humanitaires\u2026<\/p>\n<p>Face \u00e0 cette situation, le HCR appelle la communaut\u00e9 internationale \u00e0 prendre des mesures fortes et \u00e0 ne m\u00e9nager aucun effort pour soutenir les pays du Sahel central en vue de r\u00e9tablir la paix, la stabilit\u00e9 et le d\u00e9veloppement dont la r\u00e9gion a besoin de toute urgence.<\/p>\n<p>A en croire l&rsquo;Agence des Nations Unies pour les r\u00e9fugi\u00e9s, plus d&rsquo;un tiers de ses besoins financiers pour le Sahel central n&rsquo;ont pas \u00e9t\u00e9 satisfaits en 2021. Pour organiser une r\u00e9ponse efficace en 2022 au Burkina Faso, au Niger et au Mali, elle dit avoir besoin de 307 millions de dollars.<\/p>\n<p>Cet article <a rel=\"nofollow\" href=\"https:\/\/www.journalducameroun.com\/sahel-une-decennie-marquee-par-une-hausse-des-refugies\/\">Sahel : une d\u00e9cennie marqu\u00e9e par une hausse des r\u00e9fugi\u00e9s<\/a> est apparu en premier sur <a rel=\"nofollow\" href=\"https:\/\/www.journalducameroun.com\/\">Journal du Cameroun<\/a>.<\/p>\n<\/div>\n<p>Auteur: APA News<br \/>\n<a href=\"https:\/\/www.journalducameroun.com\/sahel-une-decennie-marquee-par-une-hausse-des-refugies\/\">Cliquez ici pour lire l&rsquo;article depuis sa source.<\/a><\/p>\n","protected":false},"excerpt":{"rendered":"<p>Le nombre des personnes d\u00e9racin\u00e9es a \u00e9t\u00e9 multipli\u00e9 par dix depuis 2013, passant de 217.000 \u00e0 un niveau alarmant de 2,1 millions fin 2021, affirme l&rsquo;Agence des Nations Unies pour les r\u00e9fugi\u00e9s.Ces derni\u00e8res ann\u00e9es, la situation s\u00e9curitaire s&rsquo;est lamentablement d\u00e9t\u00e9rior\u00e9e au Sahel. Elle a contraint de nombreuses personnes \u00e0 fuir leurs foyers. Selon le Haut [&hellip;]<\/p>\n","protected":false},"author":1965,"featured_media":0,"comment_status":"closed","ping_status":"closed","sticky":false,"template":"","format":"standard","meta":{"fifu_image_url":"https:\/\/www.journalducameroun.com\/wp-content\/uploads\/2022\/01\/16421878837506.jpg","fifu_image_alt":"Sahel : une d\u00e9cennie marqu\u00e9e par une hausse des r\u00e9fugi\u00e9s","footnotes":""},"categories":[73,82],"tags":[],"class_list":["post-138559","post","type-post","status-publish","format-standard","hentry","category-actualite","category-cameroun"],"_links":{"self":[{"href":"https:\/\/linitiative.ca\/International\/wp-json\/wp\/v2\/posts\/138559","targetHints":{"allow":["GET"]}}],"collection":[{"href":"https:\/\/linitiative.ca\/International\/wp-json\/wp\/v2\/posts"}],"about":[{"href":"https:\/\/linitiative.ca\/International\/wp-json\/wp\/v2\/types\/post"}],"author":[{"embeddable":true,"href":"https:\/\/linitiative.ca\/International\/wp-json\/wp\/v2\/users\/1965"}],"replies":[{"embeddable":true,"href":"https:\/\/linitiative.ca\/International\/wp-json\/wp\/v2\/comments?post=138559"}],"version-history":[{"count":0,"href":"https:\/\/linitiative.ca\/International\/wp-json\/wp\/v2\/posts\/138559\/revisions"}],"wp:attachment":[{"href":"https:\/\/linitiative.ca\/International\/wp-json\/wp\/v2\/media?parent=138559"}],"wp:term":[{"taxonomy":"category","embeddable":true,"href":"https:\/\/linitiative.ca\/International\/wp-json\/wp\/v2\/categories?post=138559"},{"taxonomy":"post_tag","embeddable":true,"href":"https:\/\/linitiative.ca\/International\/wp-json\/wp\/v2\/tags?post=138559"}],"curies":[{"name":"wp","href":"https:\/\/api.w.org\/{rel}","templated":true}]}}