{"id":138561,"date":"2022-01-14T14:18:03","date_gmt":"2022-01-14T19:18:03","guid":{"rendered":"https:\/\/linitiative.ca\/International\/le-senegal-continue-de-garder-la-confiance-des-creanciers\/"},"modified":"2022-01-14T14:18:03","modified_gmt":"2022-01-14T19:18:03","slug":"le-senegal-continue-de-garder-la-confiance-des-creanciers","status":"publish","type":"post","link":"https:\/\/linitiative.ca\/International\/le-senegal-continue-de-garder-la-confiance-des-creanciers\/","title":{"rendered":"Le S\u00e9n\u00e9gal continue de garder la confiance des cr\u00e9anciers"},"content":{"rendered":"<div>\n<p><img decoding=\"async\" width=\"304\" height=\"166\" src=\"https:\/\/linitiative.ca\/International\/wp-content\/uploads\/sites\/23\/2022\/01\/16421878834059.jpg\" class=\"attachment-post-thumbnail size-post-thumbnail wp-post-image\" alt=\"\" loading=\"lazy\" srcset=\"https:\/\/linitiative.ca\/International\/wp-content\/uploads\/sites\/23\/2022\/01\/16421878834059.jpg 304w, https:\/\/www.journalducameroun.com\/wp-content\/uploads\/2022\/01\/16421878834059-300x164.jpg 300w\" sizes=\"auto, (max-width: 304px) 100vw, 304px\"><\/p>\n<p>Dakar a lev\u00e9, ce vendredi, 40 milliards de FCFA sur le march\u00e9 financier de l&rsquo;Union \u00e9conomique et mon\u00e9taire ouest-africaine (Uemoa).La capacit\u00e9 du S\u00e9n\u00e9gal \u00e0 payer ses cr\u00e9ances \u00e0 date ne fait aucun doute aupr\u00e8s des investisseurs. En effet, lors de son \u00e9mission par adjudication d&rsquo;obligations assimilables du Tr\u00e9sor portant sur un montant de 37,5 milliards de FCFA, Dakar a re\u00e7u des soumissions de 180 milliards de FCFA, soit un taux de couverture de 479%.<\/p>\n<p>A l&rsquo;issue de l&rsquo;op\u00e9ration, un montant de 40 milliards de FCFA, d&rsquo;une dur\u00e9e de maturit\u00e9 de 05 ans, a \u00e9t\u00e9 retenu avec un taux d&rsquo;int\u00e9r\u00eat de 4,29%, soit le taux le plus bas de l&rsquo;Union, informe le\u00a0minist\u00e8re des Finances et du Budget.<\/p>\n<p>\u00ab Ces r\u00e9sultats confortent la qualit\u00e9 de la signature du S\u00e9n\u00e9gal et l&rsquo;appr\u00e9ciation positive des politiques publiques, par les investisseurs \u00bb, s&rsquo;est f\u00e9licit\u00e9 le minist\u00e8re.<\/p>\n<p>Cette intervention a \u00e9t\u00e9 r\u00e9alis\u00e9e avec la collaboration de l&rsquo;Agence UMOA-Titres et de la Banque centrale des \u00c9tats de l&rsquo;Afrique de l&rsquo;Ouest (BCEAO).<\/p>\n<p>Cet article <a rel=\"nofollow\" href=\"https:\/\/www.journalducameroun.com\/le-senegal-continue-de-garder-la-confiance-des-creanciers\/\">Le S\u00e9n\u00e9gal continue de garder la confiance des cr\u00e9anciers<\/a> est apparu en premier sur <a rel=\"nofollow\" href=\"https:\/\/www.journalducameroun.com\/\">Journal du Cameroun<\/a>.<\/p>\n<\/div>\n<p>Auteur: APA News<br \/>\n<a href=\"https:\/\/www.journalducameroun.com\/le-senegal-continue-de-garder-la-confiance-des-creanciers\/\">Cliquez ici pour lire l&rsquo;article depuis sa source.<\/a><\/p>\n","protected":false},"excerpt":{"rendered":"<p>Dakar a lev\u00e9, ce vendredi, 40 milliards de FCFA sur le march\u00e9 financier de l&rsquo;Union \u00e9conomique et mon\u00e9taire ouest-africaine (Uemoa).La capacit\u00e9 du S\u00e9n\u00e9gal \u00e0 payer ses cr\u00e9ances \u00e0 date ne fait aucun doute aupr\u00e8s des investisseurs. En effet, lors de son \u00e9mission par adjudication d&rsquo;obligations assimilables du Tr\u00e9sor portant sur un montant de 37,5 milliards [&hellip;]<\/p>\n","protected":false},"author":1965,"featured_media":0,"comment_status":"closed","ping_status":"closed","sticky":false,"template":"","format":"standard","meta":{"fifu_image_url":"https:\/\/www.journalducameroun.com\/wp-content\/uploads\/2022\/01\/16421878834059.jpg","fifu_image_alt":"Le S\u00e9n\u00e9gal continue de garder la confiance des cr\u00e9anciers","footnotes":""},"categories":[73,82],"tags":[],"class_list":["post-138561","post","type-post","status-publish","format-standard","hentry","category-actualite","category-cameroun"],"_links":{"self":[{"href":"https:\/\/linitiative.ca\/International\/wp-json\/wp\/v2\/posts\/138561","targetHints":{"allow":["GET"]}}],"collection":[{"href":"https:\/\/linitiative.ca\/International\/wp-json\/wp\/v2\/posts"}],"about":[{"href":"https:\/\/linitiative.ca\/International\/wp-json\/wp\/v2\/types\/post"}],"author":[{"embeddable":true,"href":"https:\/\/linitiative.ca\/International\/wp-json\/wp\/v2\/users\/1965"}],"replies":[{"embeddable":true,"href":"https:\/\/linitiative.ca\/International\/wp-json\/wp\/v2\/comments?post=138561"}],"version-history":[{"count":0,"href":"https:\/\/linitiative.ca\/International\/wp-json\/wp\/v2\/posts\/138561\/revisions"}],"wp:attachment":[{"href":"https:\/\/linitiative.ca\/International\/wp-json\/wp\/v2\/media?parent=138561"}],"wp:term":[{"taxonomy":"category","embeddable":true,"href":"https:\/\/linitiative.ca\/International\/wp-json\/wp\/v2\/categories?post=138561"},{"taxonomy":"post_tag","embeddable":true,"href":"https:\/\/linitiative.ca\/International\/wp-json\/wp\/v2\/tags?post=138561"}],"curies":[{"name":"wp","href":"https:\/\/api.w.org\/{rel}","templated":true}]}}