{"id":138565,"date":"2022-01-14T15:18:04","date_gmt":"2022-01-14T20:18:04","guid":{"rendered":"https:\/\/linitiative.ca\/International\/le-maroc-et-burkina-faso-determines-a-renforcer-davantage-leur-cooperation-multidimensionnelle\/"},"modified":"2022-01-14T15:18:04","modified_gmt":"2022-01-14T20:18:04","slug":"le-maroc-et-burkina-faso-determines-a-renforcer-davantage-leur-cooperation-multidimensionnelle","status":"publish","type":"post","link":"https:\/\/linitiative.ca\/International\/le-maroc-et-burkina-faso-determines-a-renforcer-davantage-leur-cooperation-multidimensionnelle\/","title":{"rendered":"Le Maroc et Burkina Faso d\u00e9termin\u00e9s \u00e0 renforcer davantage leur coop\u00e9ration multidimensionnelle"},"content":{"rendered":"<div>\n<p><img decoding=\"async\" width=\"960\" height=\"746\" src=\"https:\/\/linitiative.ca\/International\/wp-content\/uploads\/sites\/23\/2022\/01\/16421914858426.jpg\" class=\"attachment-post-thumbnail size-post-thumbnail wp-post-image\" alt=\"\" loading=\"lazy\" srcset=\"https:\/\/linitiative.ca\/International\/wp-content\/uploads\/sites\/23\/2022\/01\/16421914858426.jpg 960w, https:\/\/www.journalducameroun.com\/wp-content\/uploads\/2022\/01\/16421914858426-300x233.jpg 300w, https:\/\/www.journalducameroun.com\/wp-content\/uploads\/2022\/01\/16421914858426-768x597.jpg 768w, https:\/\/www.journalducameroun.com\/wp-content\/uploads\/2022\/01\/16421914858426-566x440.jpg 566w, https:\/\/www.journalducameroun.com\/wp-content\/uploads\/2022\/01\/16421914858426-600x466.jpg 600w\" sizes=\"auto, (max-width: 960px) 100vw, 960px\"><\/p>\n<p>Le ministre marocain des Affaires \u00e9trang\u00e8res, a eu, vendredi, un entretien t\u00e9l\u00e9phonique avec la ministre des Affaires \u00e9trang\u00e8res, de la Coop\u00e9ration et des Burkinab\u00e8 de l&rsquo;ext\u00e9rieur, Mme Hadizatou Rosine Sori-Coulibaly.Au cours de cet entretien, les deux ministres se sont f\u00e9licit\u00e9s de l&rsquo;excellence des liens de fraternit\u00e9, de solidarit\u00e9 et de coop\u00e9ration entre le Maroc et le Burkina Faso et qui se sont consolid\u00e9s conform\u00e9ment aux Hautes Orientations du Roi Mohammed VI et du pr\u00e9sident burkinab\u00e8 Roch Marc Christian Kabor\u00e9.<\/p>\n<p>A cette occasion, les deux ministres ont renouvel\u00e9 la ferme d\u00e9termination commune \u00e0 renforcer davantage les liens d&rsquo;amiti\u00e9 et de coop\u00e9ration multidimensionnelle dans divers secteurs d&rsquo;int\u00e9r\u00eat commun sur les plans bilat\u00e9ral, r\u00e9gional et international.<\/p>\n<p>Ils ont \u00e9galement convenu d&rsquo;\u00e9tendre leur collaboration \u00e0 de nouveaux domaines de coop\u00e9ration, notamment les volets \u00e9conomique, scientifique, technique et culturel, ainsi qu&rsquo;en mati\u00e8re de s\u00e9curit\u00e9, de d\u00e9fense et de lutte contre le terrorisme et le radicalisme, pour le b\u00e9n\u00e9fice mutuel des deux pays.<\/p>\n<p>Cet article <a rel=\"nofollow\" href=\"https:\/\/www.journalducameroun.com\/le-maroc-et-burkina-faso-determines-a-renforcer-davantage-leur-cooperation-multidimensionnelle\/\">Le Maroc et Burkina Faso d\u00e9termin\u00e9s \u00e0 renforcer davantage leur coop\u00e9ration multidimensionnelle<\/a> est apparu en premier sur <a rel=\"nofollow\" href=\"https:\/\/www.journalducameroun.com\/\">Journal du Cameroun<\/a>.<\/p>\n<\/div>\n<p>Auteur: APA News<br \/>\n<a href=\"https:\/\/www.journalducameroun.com\/le-maroc-et-burkina-faso-determines-a-renforcer-davantage-leur-cooperation-multidimensionnelle\/\">Cliquez ici pour lire l&rsquo;article depuis sa source.<\/a><\/p>\n","protected":false},"excerpt":{"rendered":"<p>Le ministre marocain des Affaires \u00e9trang\u00e8res, a eu, vendredi, un entretien t\u00e9l\u00e9phonique avec la ministre des Affaires \u00e9trang\u00e8res, de la Coop\u00e9ration et des Burkinab\u00e8 de l&rsquo;ext\u00e9rieur, Mme Hadizatou Rosine Sori-Coulibaly.Au cours de cet entretien, les deux ministres se sont f\u00e9licit\u00e9s de l&rsquo;excellence des liens de fraternit\u00e9, de solidarit\u00e9 et de coop\u00e9ration entre le Maroc et [&hellip;]<\/p>\n","protected":false},"author":1965,"featured_media":0,"comment_status":"closed","ping_status":"closed","sticky":false,"template":"","format":"standard","meta":{"fifu_image_url":"https:\/\/www.journalducameroun.com\/wp-content\/uploads\/2022\/01\/16421914858426.jpg","fifu_image_alt":"Le Maroc et Burkina Faso d\u00e9termin\u00e9s \u00e0 renforcer davantage leur coop\u00e9ration multidimensionnelle","footnotes":""},"categories":[73,82],"tags":[],"class_list":["post-138565","post","type-post","status-publish","format-standard","hentry","category-actualite","category-cameroun"],"_links":{"self":[{"href":"https:\/\/linitiative.ca\/International\/wp-json\/wp\/v2\/posts\/138565","targetHints":{"allow":["GET"]}}],"collection":[{"href":"https:\/\/linitiative.ca\/International\/wp-json\/wp\/v2\/posts"}],"about":[{"href":"https:\/\/linitiative.ca\/International\/wp-json\/wp\/v2\/types\/post"}],"author":[{"embeddable":true,"href":"https:\/\/linitiative.ca\/International\/wp-json\/wp\/v2\/users\/1965"}],"replies":[{"embeddable":true,"href":"https:\/\/linitiative.ca\/International\/wp-json\/wp\/v2\/comments?post=138565"}],"version-history":[{"count":0,"href":"https:\/\/linitiative.ca\/International\/wp-json\/wp\/v2\/posts\/138565\/revisions"}],"wp:attachment":[{"href":"https:\/\/linitiative.ca\/International\/wp-json\/wp\/v2\/media?parent=138565"}],"wp:term":[{"taxonomy":"category","embeddable":true,"href":"https:\/\/linitiative.ca\/International\/wp-json\/wp\/v2\/categories?post=138565"},{"taxonomy":"post_tag","embeddable":true,"href":"https:\/\/linitiative.ca\/International\/wp-json\/wp\/v2\/tags?post=138565"}],"curies":[{"name":"wp","href":"https:\/\/api.w.org\/{rel}","templated":true}]}}