{"id":138570,"date":"2022-01-14T12:59:36","date_gmt":"2022-01-14T17:59:36","guid":{"rendered":"https:\/\/linitiative.ca\/International\/can-2021-victoire-du-maroc-face-aux-comores\/"},"modified":"2022-01-14T12:59:36","modified_gmt":"2022-01-14T17:59:36","slug":"can-2021-victoire-du-maroc-face-aux-comores","status":"publish","type":"post","link":"https:\/\/linitiative.ca\/International\/can-2021-victoire-du-maroc-face-aux-comores\/","title":{"rendered":"CAN-2021: Victoire du Maroc face aux Comores"},"content":{"rendered":"<div>\n<p><img loading=\"lazy\" decoding=\"async\" width=\"300\" height=\"153\" src=\"https:\/\/linitiative.ca\/International\/wp-content\/uploads\/sites\/23\/2022\/01\/Maroc-Comores-can-2022-300x153-1.jpg\" class=\"attachment-medium size-medium wp-post-image\" alt=\"\" srcset=\"https:\/\/linitiative.ca\/International\/wp-content\/uploads\/sites\/23\/2022\/01\/Maroc-Comores-can-2022-300x153-1.jpg 300w, https:\/\/aujourdhui.ma\/wp-content\/uploads\/2022\/01\/Maroc-Comores-can-2022-274x140.jpg 274w, https:\/\/aujourdhui.ma\/wp-content\/uploads\/2022\/01\/Maroc-Comores-can-2022.jpg 746w, https:\/\/aujourdhui.ma\/wp-content\/uploads\/2022\/01\/Maroc-Comores-can-2022-165x84.jpg 165w, https:\/\/aujourdhui.ma\/wp-content\/uploads\/2022\/01\/Maroc-Comores-can-2022-702x358.jpg 702w\" sizes=\"auto, (max-width: 300px) 100vw, 300px\"><\/p>\n<p><span style=\"color: #800000;\"><strong>La s\u00e9lection marocaine de football s\u2019est impos\u00e9e face \u00e0 son homologue comorienne sur le score de 2 buts \u00e0 0, vendredi au stade Ahmadou Ahidjo \u00e0 Yaound\u00e9, en match comptant pour la 2\u00e8 journ\u00e9e du groupe C de la Coupe d\u2019Afrique des nations (CAN) de football, qui se tient au Cameroun.<\/strong><\/span><span id=\"more-397425\"><\/span><\/p>\n<p>Selim Amallah a ouvert la marque pour les Lions de l\u2019Atlas \u00e0 la 16 e minute, avant que Zakaria Aboukhlal ne creuse l\u2019\u00e9cart (88 e ).<\/p>\n<p>Pour le compte du m\u00eame groupe, le Gabon affrontera le Ghana \u00e0 20h00.<\/p>\n<\/div>\n<p>Auteur: ALM<br \/>\n<a href=\"https:\/\/aujourdhui.ma\/une\/can-2021-victoire-du-maroc-face-aux-comores\">Cliquez ici pour lire l&rsquo;article depuis sa source.<\/a><\/p>\n","protected":false},"excerpt":{"rendered":"<p>La s\u00e9lection marocaine de football s\u2019est impos\u00e9e face \u00e0 son homologue comorienne sur le score de 2 buts \u00e0 0, vendredi au stade Ahmadou Ahidjo \u00e0 Yaound\u00e9, en match comptant pour la 2\u00e8 journ\u00e9e du groupe C de la Coupe d\u2019Afrique des nations (CAN) de football, qui se tient au Cameroun. Selim Amallah a ouvert [&hellip;]<\/p>\n","protected":false},"author":1759,"featured_media":0,"comment_status":"closed","ping_status":"closed","sticky":false,"template":"","format":"standard","meta":{"fifu_image_url":"https:\/\/aujourdhui.ma\/wp-content\/uploads\/2022\/01\/Maroc-Comores-can-2022-300x153.jpg","fifu_image_alt":"CAN-2021: Victoire du Maroc face aux Comores","footnotes":""},"categories":[73,54],"tags":[],"class_list":["post-138570","post","type-post","status-publish","format-standard","hentry","category-actualite","category-maroc"],"_links":{"self":[{"href":"https:\/\/linitiative.ca\/International\/wp-json\/wp\/v2\/posts\/138570","targetHints":{"allow":["GET"]}}],"collection":[{"href":"https:\/\/linitiative.ca\/International\/wp-json\/wp\/v2\/posts"}],"about":[{"href":"https:\/\/linitiative.ca\/International\/wp-json\/wp\/v2\/types\/post"}],"author":[{"embeddable":true,"href":"https:\/\/linitiative.ca\/International\/wp-json\/wp\/v2\/users\/1759"}],"replies":[{"embeddable":true,"href":"https:\/\/linitiative.ca\/International\/wp-json\/wp\/v2\/comments?post=138570"}],"version-history":[{"count":0,"href":"https:\/\/linitiative.ca\/International\/wp-json\/wp\/v2\/posts\/138570\/revisions"}],"wp:attachment":[{"href":"https:\/\/linitiative.ca\/International\/wp-json\/wp\/v2\/media?parent=138570"}],"wp:term":[{"taxonomy":"category","embeddable":true,"href":"https:\/\/linitiative.ca\/International\/wp-json\/wp\/v2\/categories?post=138570"},{"taxonomy":"post_tag","embeddable":true,"href":"https:\/\/linitiative.ca\/International\/wp-json\/wp\/v2\/tags?post=138570"}],"curies":[{"name":"wp","href":"https:\/\/api.w.org\/{rel}","templated":true}]}}