{"id":138582,"date":"2022-01-15T13:49:05","date_gmt":"2022-01-15T18:49:05","guid":{"rendered":"https:\/\/linitiative.ca\/International\/figuig-une-caravane-pour-promouvoir-lentrepreneuriat-des-jeunes\/"},"modified":"2022-01-15T13:49:05","modified_gmt":"2022-01-15T18:49:05","slug":"figuig-une-caravane-pour-promouvoir-lentrepreneuriat-des-jeunes","status":"publish","type":"post","link":"https:\/\/linitiative.ca\/International\/figuig-une-caravane-pour-promouvoir-lentrepreneuriat-des-jeunes\/","title":{"rendered":"Figuig : Une caravane pour promouvoir l\u2019entrepreneuriat des jeunes"},"content":{"rendered":"<div>\n<div style=\"margin-bottom:20px;\"><img loading=\"lazy\" decoding=\"async\" width=\"750\" height=\"430\" src=\"https:\/\/linitiative.ca\/International\/wp-content\/uploads\/sites\/23\/2022\/01\/Inauguration-dune-plateforme-des-jeunes-750C397430-MAP.jpg\" class=\"attachment-post-thumbnail size-post-thumbnail wp-post-image\" alt=\"\" srcset=\"https:\/\/linitiative.ca\/International\/wp-content\/uploads\/sites\/23\/2022\/01\/Inauguration-dune-plateforme-des-jeunes-750C397430-MAP.jpg 750w, https:\/\/www.mapoujda.ma\/map\/uploads\/2021\/08\/Inauguration-dune-plateforme-des-jeunes-750\u00d7430-MAP-300x172.jpg 300w\" sizes=\"auto, (max-width: 750px) 100vw, 750px\"><\/div>\n<div>\n<p style=\"text-align: justify;\">La Plateforme des jeunes de la province de Figuig a organis\u00e9, du 12 au 15 janvier, une caravane \u00e0 travers l\u2019ensemble des collectivit\u00e9s territoriales de la province pour promouvoir l\u2019entrepreneuriat des jeunes et leur employabilit\u00e9.<\/p>\n<p style=\"text-align: justify;\">La caravane vise \u00e0 sensibiliser les jeunes aux axes et objectifs de la 3\u00e8me phase de l\u2019Initiative nationale pour le d\u00e9veloppement humain (INDH), en plus de les informer sur les activit\u00e9s et les services fournis par cette plateforme au profit des jeunes de la province.<\/p>\n<p style=\"text-align: justify;\">Des rencontres ouvertes avec les cat\u00e9gories cibles ont \u00e9t\u00e9 tenues \u00e0 chacune des \u00e9tapes de cette caravane, anim\u00e9es par l\u2019\u00e9quipe de la plateforme et des experts, qui ont encadr\u00e9 plusieurs ateliers pour le diagnostic des besoins et des attentes des jeunes d\u00e9sireux de b\u00e9n\u00e9ficier des services de cette structure.<\/p>\n<p style=\"text-align: justify;\">L\u2019\u00e9tape de la ville de Bouarfa s\u2019est tenue vendredi au si\u00e8ge de la Plateforme, en pr\u00e9sence de nombreux jeunes porteurs de projets ou d\u2019id\u00e9es de projets, ou voulant renforcer leurs comp\u00e9tences et leur employabilit\u00e9.<\/p>\n<p style=\"text-align: justify;\">Dans une d\u00e9claration \u00e0 M24, la cha\u00eene d\u2019information en continu de la MAP, Driss Moussi, chef de la Division de l\u2019action sociale \u00e0 la province de Figuig, a indiqu\u00e9 que cette caravane entend sensibiliser les jeunes de la province et les diff\u00e9rents acteurs locaux des collectivit\u00e9s territoriales et institutions publiques, au sujet des axes, des objectifs et des activit\u00e9s de la plateforme, qui vise \u00e0 faire connaitre les opportunit\u00e9s d\u2019emploi destin\u00e9es aux jeunes et promouvoir l\u2019esprit d\u2019entrepreneuriat aupr\u00e8s d\u2019eux.<\/p>\n<p style=\"text-align: justify;\">Il s\u2019agit de mettre la lumi\u00e8re sur une nouvelle g\u00e9n\u00e9ration de projets \u00e0 m\u00eame de contribuer \u00e0 la valorisation des ressources et des potentialit\u00e9s locales, \u00e0 travers l\u2019adoption de l\u2019approche des cha\u00eenes de valeur.<\/p>\n<p style=\"text-align: justify;\">De son c\u00f4t\u00e9, Hafsa Kenzeddine, responsable de l\u2019axe de l\u2019employabilit\u00e9 \u00e0 la Plateforme des jeunes de la province de Figuig, a pr\u00e9cis\u00e9 que cette structure \u0153uvre \u00e0 travers trois axes, \u00e0 savoir l\u2019employabilit\u00e9 des jeunes, l\u2019entrepreneuriat et l\u2019\u00e9conomie sociale et solidaire.<\/p>\n<p style=\"text-align: justify;\">L\u2019axe de l\u2019employabilit\u00e9 cible les jeunes de 18 \u00e0 35 ans, qui b\u00e9n\u00e9ficient de l\u2019accompagnement de la plateforme en mati\u00e8re de formation et d\u2019insertion professionnelle, alors que les axes de l\u2019entrepreneuriat et de l\u2019\u00e9conomie sociale et solidaire concernent les personnes de 18 \u00e0 45 ans, porteurs de projets ou d\u2019id\u00e9es de projets, qui peuvent b\u00e9n\u00e9ficier d\u2019un accompagnement complet, depuis la phase d\u2019id\u00e9e et jusqu\u2019\u00e0 l\u2019\u00e9tape de post-cr\u00e9ation, a-t-elle expliqu\u00e9.<\/p>\n<p style=\"text-align: justify;\">Kawtar Hessini, une jeune b\u00e9n\u00e9ficiaire de cette caravane, a salu\u00e9 cette initiative qui est de nature \u00e0 aider les jeunes, notamment ceux souffrant de pr\u00e9carit\u00e9, \u00e0 s\u2019ins\u00e9rer dans la vie professionnelle en trouvant un travail ou en cr\u00e9ant un projet entrepreneurial avec le soutien de l\u2019INDH.<\/p>\n<p style=\"text-align: justify;\">A noter que le projet de cr\u00e9ation de la Plateforme des jeunes de la province de Figuig s\u2019inscrit dans le cadre de la 3\u00e8me phase de l\u2019INDH, plus pr\u00e9cis\u00e9ment le programme III relatif \u00e0 l\u2019am\u00e9lioration du revenu et l\u2019inclusion \u00e9conomique des jeunes.<\/p>\n<p style=\"text-align: justify;\">La plateforme fournit diff\u00e9rents services en mati\u00e8re d\u2019accueil, d\u2019orientation, de formation et d\u2019accompagnement des jeunes de la province, en vue d\u2019augmenter leurs chances d\u2019int\u00e9grer le march\u00e9 de l\u2019emploi ou de les aider \u00e0 cr\u00e9er leurs propres entreprises.<\/p>\n<\/div>\n<p>L\u2019article <a rel=\"nofollow\" href=\"https:\/\/www.mapoujda.ma\/fr\/province-de-figuig-une-caravane-pour-promouvoir-lentrepreneuriat-des-jeunes\/\">Figuig : Une caravane pour promouvoir l\u2019entrepreneuriat des jeunes<\/a> est apparu en premier sur <a rel=\"nofollow\" href=\"https:\/\/www.mapoujda.ma\/fr\">MapOujda<\/a>.<\/p>\n<\/div>\n<p>Auteur: Soufiane ELAHMAR<br \/>\n<a href=\"https:\/\/www.mapoujda.ma\/fr\/province-de-figuig-une-caravane-pour-promouvoir-lentrepreneuriat-des-jeunes\/\">Cliquez ici pour lire l&rsquo;article depuis sa source.<\/a><\/p>\n","protected":false},"excerpt":{"rendered":"<p>La Plateforme des jeunes de la province de Figuig a organis\u00e9, du 12 au 15 janvier, une caravane \u00e0 travers l\u2019ensemble des collectivit\u00e9s territoriales de la province pour promouvoir l\u2019entrepreneuriat des jeunes et leur employabilit\u00e9. La caravane vise \u00e0 sensibiliser les jeunes aux axes et objectifs de la 3\u00e8me phase de l\u2019Initiative nationale pour le [&hellip;]<\/p>\n","protected":false},"author":1788,"featured_media":0,"comment_status":"closed","ping_status":"closed","sticky":false,"template":"","format":"standard","meta":{"fifu_image_url":"https:\/\/www.mapoujda.ma\/map\/uploads\/2021\/08\/Inauguration-dune-plateforme-des-jeunes-750\u00d7430-MAP.jpg","fifu_image_alt":"Figuig : Une caravane pour promouvoir l\u2019entrepreneuriat des jeunes","footnotes":""},"categories":[54,76],"tags":[],"class_list":["post-138582","post","type-post","status-publish","format-standard","hentry","category-maroc","category-regions"],"_links":{"self":[{"href":"https:\/\/linitiative.ca\/International\/wp-json\/wp\/v2\/posts\/138582","targetHints":{"allow":["GET"]}}],"collection":[{"href":"https:\/\/linitiative.ca\/International\/wp-json\/wp\/v2\/posts"}],"about":[{"href":"https:\/\/linitiative.ca\/International\/wp-json\/wp\/v2\/types\/post"}],"author":[{"embeddable":true,"href":"https:\/\/linitiative.ca\/International\/wp-json\/wp\/v2\/users\/1788"}],"replies":[{"embeddable":true,"href":"https:\/\/linitiative.ca\/International\/wp-json\/wp\/v2\/comments?post=138582"}],"version-history":[{"count":0,"href":"https:\/\/linitiative.ca\/International\/wp-json\/wp\/v2\/posts\/138582\/revisions"}],"wp:attachment":[{"href":"https:\/\/linitiative.ca\/International\/wp-json\/wp\/v2\/media?parent=138582"}],"wp:term":[{"taxonomy":"category","embeddable":true,"href":"https:\/\/linitiative.ca\/International\/wp-json\/wp\/v2\/categories?post=138582"},{"taxonomy":"post_tag","embeddable":true,"href":"https:\/\/linitiative.ca\/International\/wp-json\/wp\/v2\/tags?post=138582"}],"curies":[{"name":"wp","href":"https:\/\/api.w.org\/{rel}","templated":true}]}}