{"id":138586,"date":"2022-01-15T11:12:25","date_gmt":"2022-01-15T16:12:25","guid":{"rendered":"https:\/\/linitiative.ca\/International\/france-christiane-taubira-officiellement-candidate-a-la-presidentielle\/"},"modified":"2022-01-15T11:12:25","modified_gmt":"2022-01-15T16:12:25","slug":"france-christiane-taubira-officiellement-candidate-a-la-presidentielle","status":"publish","type":"post","link":"https:\/\/linitiative.ca\/International\/france-christiane-taubira-officiellement-candidate-a-la-presidentielle\/","title":{"rendered":"France: Christiane Taubira officiellement candidate \u00e0 la pr\u00e9sidentielle"},"content":{"rendered":"<div>\n<div class=\"field field-name-body field-type-text-with-summary field-label-hidden\">\n<div class=\"field-items\">\n<div class=\"field-item even\" property=\"content:encoded\">\n<p class=\"rtejustify\">L&rsquo;ex-garde des Sceaux, Christine Taubira, a officialis\u00e9, samedi \u00e0 Lyon, sa candidature \u00e0 la pr\u00e9sidentielle d\u2019avril prochain.<\/p>\n<\/div>\n<\/div>\n<\/div>\n<\/div>\n<p>Auteur: mbasraoui<br \/>\n<a href=\"https:\/\/www.leconomiste.com\/flash-infos\/france-christiane-taubira-officiellement-candidate-la-presidentielle\">Cliquez ici pour lire l&rsquo;article depuis sa source.<\/a><\/p>\n","protected":false},"excerpt":{"rendered":"<p>L&rsquo;ex-garde des Sceaux, Christine Taubira, a officialis\u00e9, samedi \u00e0 Lyon, sa candidature \u00e0 la pr\u00e9sidentielle d\u2019avril prochain. Auteur: mbasraoui Cliquez ici pour lire l&rsquo;article depuis sa source.<\/p>\n","protected":false},"author":1763,"featured_media":0,"comment_status":"closed","ping_status":"closed","sticky":false,"template":"","format":"standard","meta":{"fifu_image_url":"","fifu_image_alt":"","footnotes":""},"categories":[78,54],"tags":[],"class_list":["post-138586","post","type-post","status-publish","format-standard","hentry","category-economie","category-maroc"],"_links":{"self":[{"href":"https:\/\/linitiative.ca\/International\/wp-json\/wp\/v2\/posts\/138586","targetHints":{"allow":["GET"]}}],"collection":[{"href":"https:\/\/linitiative.ca\/International\/wp-json\/wp\/v2\/posts"}],"about":[{"href":"https:\/\/linitiative.ca\/International\/wp-json\/wp\/v2\/types\/post"}],"author":[{"embeddable":true,"href":"https:\/\/linitiative.ca\/International\/wp-json\/wp\/v2\/users\/1763"}],"replies":[{"embeddable":true,"href":"https:\/\/linitiative.ca\/International\/wp-json\/wp\/v2\/comments?post=138586"}],"version-history":[{"count":0,"href":"https:\/\/linitiative.ca\/International\/wp-json\/wp\/v2\/posts\/138586\/revisions"}],"wp:attachment":[{"href":"https:\/\/linitiative.ca\/International\/wp-json\/wp\/v2\/media?parent=138586"}],"wp:term":[{"taxonomy":"category","embeddable":true,"href":"https:\/\/linitiative.ca\/International\/wp-json\/wp\/v2\/categories?post=138586"},{"taxonomy":"post_tag","embeddable":true,"href":"https:\/\/linitiative.ca\/International\/wp-json\/wp\/v2\/tags?post=138586"}],"curies":[{"name":"wp","href":"https:\/\/api.w.org\/{rel}","templated":true}]}}