{"id":138592,"date":"2022-01-15T03:00:00","date_gmt":"2022-01-15T08:00:00","guid":{"rendered":"https:\/\/linitiative.ca\/International\/tunisie-renouer-avec-les-plans-de-developpement\/"},"modified":"2022-01-15T03:00:00","modified_gmt":"2022-01-15T08:00:00","slug":"tunisie-renouer-avec-les-plans-de-developpement","status":"publish","type":"post","link":"https:\/\/linitiative.ca\/International\/tunisie-renouer-avec-les-plans-de-developpement\/","title":{"rendered":"Tunisie: renouer avec les plans de d\u00e9veloppement"},"content":{"rendered":"<div><img decoding=\"async\" src=\"https:\/\/linitiative.ca\/International\/wp-content\/uploads\/sites\/23\/2022\/01\/1641982210_article.jpg\" alt=\"Tunisie: renouer avec les plans de d\u00e9veloppement\" align=\"left\">Le premier plan quinquennal de d\u00e9veloppement, adopt\u00e9 apr\u00e8s la promulgation de la Constitution et couvrant la p\u00e9riode 2016-2020, est rest\u00e9 sans suite. Celui cens\u00e9 lui succ\u00e9der d\u00e8s 2021 est tomb\u00e9 dans les oubliettes de l\u2019instabilit\u00e9 gouvernementale. C\u2019est \u00e0 pr\u00e9sent rattrap\u00e9, comme l\u2019a r\u00e9cemment indiqu\u00e9 la cheffe du gouvernement. Les pr\u00e9paratifs vont bon train pour une version triennale, jusqu\u2019\u00e0 2025, pour respecter le cycle quinquennal jusque-l\u00e0 adopt\u00e9 par la Tunisie.<br \/>\n\u00a0<\/p>\n<\/div>\n<p>Auteur:<br \/>\n<a href=\"https:\/\/www.leaders.com.tn\/article\/32856-tunisie-renouer-avec-les-plans-de-developpement\">Cliquez ici pour lire l&rsquo;article depuis sa source.<\/a><\/p>\n","protected":false},"excerpt":{"rendered":"<p>Le premier plan quinquennal de d\u00e9veloppement, adopt\u00e9 apr\u00e8s la promulgation de la Constitution et couvrant la p\u00e9riode 2016-2020, est rest\u00e9 sans suite. Celui cens\u00e9 lui succ\u00e9der d\u00e8s 2021 est tomb\u00e9 dans les oubliettes de l\u2019instabilit\u00e9 gouvernementale. C\u2019est \u00e0 pr\u00e9sent rattrap\u00e9, comme l\u2019a r\u00e9cemment indiqu\u00e9 la cheffe du gouvernement. Les pr\u00e9paratifs vont bon train pour une [&hellip;]<\/p>\n","protected":false},"author":1772,"featured_media":0,"comment_status":"closed","ping_status":"closed","sticky":false,"template":"","format":"standard","meta":{"fifu_image_url":"http:\/\/www.leaders.com.tn\/uploads\/content\/thumbnails_small\/1641982210_article.jpg","fifu_image_alt":"Tunisie: renouer avec les plans de d\u00e9veloppement","footnotes":""},"categories":[73,55],"tags":[],"class_list":["post-138592","post","type-post","status-publish","format-standard","hentry","category-actualite","category-tunisie"],"_links":{"self":[{"href":"https:\/\/linitiative.ca\/International\/wp-json\/wp\/v2\/posts\/138592","targetHints":{"allow":["GET"]}}],"collection":[{"href":"https:\/\/linitiative.ca\/International\/wp-json\/wp\/v2\/posts"}],"about":[{"href":"https:\/\/linitiative.ca\/International\/wp-json\/wp\/v2\/types\/post"}],"author":[{"embeddable":true,"href":"https:\/\/linitiative.ca\/International\/wp-json\/wp\/v2\/users\/1772"}],"replies":[{"embeddable":true,"href":"https:\/\/linitiative.ca\/International\/wp-json\/wp\/v2\/comments?post=138592"}],"version-history":[{"count":0,"href":"https:\/\/linitiative.ca\/International\/wp-json\/wp\/v2\/posts\/138592\/revisions"}],"wp:attachment":[{"href":"https:\/\/linitiative.ca\/International\/wp-json\/wp\/v2\/media?parent=138592"}],"wp:term":[{"taxonomy":"category","embeddable":true,"href":"https:\/\/linitiative.ca\/International\/wp-json\/wp\/v2\/categories?post=138592"},{"taxonomy":"post_tag","embeddable":true,"href":"https:\/\/linitiative.ca\/International\/wp-json\/wp\/v2\/tags?post=138592"}],"curies":[{"name":"wp","href":"https:\/\/api.w.org\/{rel}","templated":true}]}}