{"id":138594,"date":"2022-01-15T03:44:00","date_gmt":"2022-01-15T08:44:00","guid":{"rendered":"https:\/\/linitiative.ca\/International\/haykel-ben-mahfoudh-nomme-a-montreal-directeur-de-la-mission-universitaire-de-tunisie-en-amerique-du-nord\/"},"modified":"2022-01-15T03:44:00","modified_gmt":"2022-01-15T08:44:00","slug":"haykel-ben-mahfoudh-nomme-a-montreal-directeur-de-la-mission-universitaire-de-tunisie-en-amerique-du-nord","status":"publish","type":"post","link":"https:\/\/linitiative.ca\/International\/haykel-ben-mahfoudh-nomme-a-montreal-directeur-de-la-mission-universitaire-de-tunisie-en-amerique-du-nord\/","title":{"rendered":"Haykel Ben Mahfoudh nomm\u00e9 \u00e0 Montr\u00e9al, directeur de la Mission Universitaire de Tunisie en Am\u00e9rique du Nord"},"content":{"rendered":"<div><img decoding=\"async\" src=\"https:\/\/linitiative.ca\/International\/wp-content\/uploads\/sites\/23\/2022\/01\/1642235466_article.jpg\" alt=\"Haykel Ben Mahfoudh nomm\u00e9 \u00e0 Montr\u00e9al, directeur de la Mission Universitaire de Tunisie en Am\u00e9rique du Nord \" align=\"left\">Il devait s\u2019installer \u00e0 La Hay, une fois \u00e9lu juge \u00e0 la Cour p\u00e9nale internationale (CPI). Dans son impr\u00e9visible d\u00e9cision, le destin l&rsquo;a propuls\u00e9 de l\u2019autre c\u00f4t\u00e9, \u00e0 Montr\u00e9al. Le professeur Haykel Ben Mahfoudh vient en effet de prendre ses nouvelles fonctions de directeur de la Mission Universitaire de Tunisie en Am\u00e9rique du Nord (M.U.T.A.N.). Depuis le d\u00e9but de l\u2019ann\u00e9e, il officie \u00e0 la t\u00eate de cette mission charg\u00e9e \u00e0 la fois de la promotion de la coop\u00e9ration entre les universit\u00e9s tunisiennes et celles du Canada et des Etats-Unis d\u2019Am\u00e9riques, que l\u2019appui aux \u00e9tudiants tunisiens qui y poursuivent leurs \u00e9tudes et recherches.<br \/>\nFond\u00e9e fin des ann\u00e9es 1970 et &#8230;<\/p>\n<\/div>\n<p>Auteur:<br \/>\n<a href=\"https:\/\/www.leaders.com.tn\/article\/32867-haykel-ben-mahfoudh-nomme-a-montreal-directeur-de-la-mission-universitaire-de-tunisie-en-amerique-du-nord\">Cliquez ici pour lire l&rsquo;article depuis sa source.<\/a><\/p>\n","protected":false},"excerpt":{"rendered":"<p>Il devait s\u2019installer \u00e0 La Hay, une fois \u00e9lu juge \u00e0 la Cour p\u00e9nale internationale (CPI). Dans son impr\u00e9visible d\u00e9cision, le destin l&rsquo;a propuls\u00e9 de l\u2019autre c\u00f4t\u00e9, \u00e0 Montr\u00e9al. Le professeur Haykel Ben Mahfoudh vient en effet de prendre ses nouvelles fonctions de directeur de la Mission Universitaire de Tunisie en Am\u00e9rique du Nord (M.U.T.A.N.). [&hellip;]<\/p>\n","protected":false},"author":1772,"featured_media":0,"comment_status":"closed","ping_status":"closed","sticky":false,"template":"","format":"standard","meta":{"fifu_image_url":"http:\/\/www.leaders.com.tn\/uploads\/content\/thumbnails_small\/1642235466_article.jpg","fifu_image_alt":"Haykel Ben Mahfoudh nomm\u00e9 \u00e0 Montr\u00e9al, directeur de la Mission Universitaire de Tunisie en Am\u00e9rique du Nord","footnotes":""},"categories":[73,55],"tags":[],"class_list":["post-138594","post","type-post","status-publish","format-standard","hentry","category-actualite","category-tunisie"],"_links":{"self":[{"href":"https:\/\/linitiative.ca\/International\/wp-json\/wp\/v2\/posts\/138594","targetHints":{"allow":["GET"]}}],"collection":[{"href":"https:\/\/linitiative.ca\/International\/wp-json\/wp\/v2\/posts"}],"about":[{"href":"https:\/\/linitiative.ca\/International\/wp-json\/wp\/v2\/types\/post"}],"author":[{"embeddable":true,"href":"https:\/\/linitiative.ca\/International\/wp-json\/wp\/v2\/users\/1772"}],"replies":[{"embeddable":true,"href":"https:\/\/linitiative.ca\/International\/wp-json\/wp\/v2\/comments?post=138594"}],"version-history":[{"count":0,"href":"https:\/\/linitiative.ca\/International\/wp-json\/wp\/v2\/posts\/138594\/revisions"}],"wp:attachment":[{"href":"https:\/\/linitiative.ca\/International\/wp-json\/wp\/v2\/media?parent=138594"}],"wp:term":[{"taxonomy":"category","embeddable":true,"href":"https:\/\/linitiative.ca\/International\/wp-json\/wp\/v2\/categories?post=138594"},{"taxonomy":"post_tag","embeddable":true,"href":"https:\/\/linitiative.ca\/International\/wp-json\/wp\/v2\/tags?post=138594"}],"curies":[{"name":"wp","href":"https:\/\/api.w.org\/{rel}","templated":true}]}}