{"id":138601,"date":"2022-01-15T07:01:12","date_gmt":"2022-01-15T12:01:12","guid":{"rendered":"https:\/\/linitiative.ca\/International\/loffice-nationale-des-aeroports-prevoit-un-chiffre-daffaires-de-28-mmdh-en-2022\/"},"modified":"2022-01-15T07:01:12","modified_gmt":"2022-01-15T12:01:12","slug":"loffice-nationale-des-aeroports-prevoit-un-chiffre-daffaires-de-28-mmdh-en-2022","status":"publish","type":"post","link":"https:\/\/linitiative.ca\/International\/loffice-nationale-des-aeroports-prevoit-un-chiffre-daffaires-de-28-mmdh-en-2022\/","title":{"rendered":"L\u2019Office nationale des a\u00e9roports pr\u00e9voit un chiffre d\u2019affaires de 2,8 MMDH en 2022"},"content":{"rendered":"<div><img decoding=\"async\" width=\"800\" height=\"500\" src=\"https:\/\/linitiative.ca\/International\/wp-content\/uploads\/sites\/23\/2022\/01\/aeropp.jpg\" class=\"attachment-post-thumbnail size-post-thumbnail wp-post-image\" alt=\"\" loading=\"lazy\" srcset=\"https:\/\/linitiative.ca\/International\/wp-content\/uploads\/sites\/23\/2022\/01\/aeropp.jpg 800w, https:\/\/www.challenge.ma\/wp-content\/uploads\/2022\/01\/aeropp-300x188.jpg 300w, https:\/\/www.challenge.ma\/wp-content\/uploads\/2022\/01\/aeropp-768x480.jpg 768w, https:\/\/www.challenge.ma\/wp-content\/uploads\/2022\/01\/aeropp-360x225.jpg 360w, https:\/\/www.challenge.ma\/wp-content\/uploads\/2022\/01\/aeropp-750x469.jpg 750w\" sizes=\"auto, (max-width: 800px) 100vw, 800px\" itemprop=\"image\">Dans ses pr\u00e9visions pour 2022, et en se basant sur les pr\u00e9visions du trafic a\u00e9rien, l\u2019Office national des a\u00e9roports (ONDA) estime que le trafic a\u00e9rien sera d\u2019environ 14 millions de passagers soit 56% du trafic de l\u2019ann\u00e9e 2019. L\u2019activit\u00e9 de survol, pour sa part, devrait s\u2019\u00e9tablir \u00e0 67% du niveau<\/div>\n<p>Auteur: challenge<br \/>\n<a href=\"https:\/\/www.challenge.ma\/loffice-nationale-des-aeroports-prevoit-un-chiffre-daffaires-de-28-mmdh-en-2022-230699\/\">Cliquez ici pour lire l&rsquo;article depuis sa source.<\/a><\/p>\n","protected":false},"excerpt":{"rendered":"<p>Dans ses pr\u00e9visions pour 2022, et en se basant sur les pr\u00e9visions du trafic a\u00e9rien, l\u2019Office national des a\u00e9roports (ONDA) estime que le trafic a\u00e9rien sera d\u2019environ 14 millions de passagers soit 56% du trafic de l\u2019ann\u00e9e 2019. L\u2019activit\u00e9 de survol, pour sa part, devrait s\u2019\u00e9tablir \u00e0 67% du niveau Auteur: challenge Cliquez ici pour [&hellip;]<\/p>\n","protected":false},"author":1787,"featured_media":0,"comment_status":"closed","ping_status":"closed","sticky":false,"template":"","format":"standard","meta":{"fifu_image_url":"https:\/\/www.challenge.ma\/wp-content\/uploads\/2022\/01\/aeropp.jpg","fifu_image_alt":"L\u2019Office nationale des a\u00e9roports pr\u00e9voit un chiffre d\u2019affaires de 2,8 MMDH en 2022","footnotes":""},"categories":[78,54],"tags":[],"class_list":["post-138601","post","type-post","status-publish","format-standard","hentry","category-economie","category-maroc"],"_links":{"self":[{"href":"https:\/\/linitiative.ca\/International\/wp-json\/wp\/v2\/posts\/138601","targetHints":{"allow":["GET"]}}],"collection":[{"href":"https:\/\/linitiative.ca\/International\/wp-json\/wp\/v2\/posts"}],"about":[{"href":"https:\/\/linitiative.ca\/International\/wp-json\/wp\/v2\/types\/post"}],"author":[{"embeddable":true,"href":"https:\/\/linitiative.ca\/International\/wp-json\/wp\/v2\/users\/1787"}],"replies":[{"embeddable":true,"href":"https:\/\/linitiative.ca\/International\/wp-json\/wp\/v2\/comments?post=138601"}],"version-history":[{"count":0,"href":"https:\/\/linitiative.ca\/International\/wp-json\/wp\/v2\/posts\/138601\/revisions"}],"wp:attachment":[{"href":"https:\/\/linitiative.ca\/International\/wp-json\/wp\/v2\/media?parent=138601"}],"wp:term":[{"taxonomy":"category","embeddable":true,"href":"https:\/\/linitiative.ca\/International\/wp-json\/wp\/v2\/categories?post=138601"},{"taxonomy":"post_tag","embeddable":true,"href":"https:\/\/linitiative.ca\/International\/wp-json\/wp\/v2\/tags?post=138601"}],"curies":[{"name":"wp","href":"https:\/\/api.w.org\/{rel}","templated":true}]}}