{"id":138603,"date":"2022-01-15T14:10:22","date_gmt":"2022-01-15T19:10:22","guid":{"rendered":"https:\/\/linitiative.ca\/International\/ugtt-noureddine-taboubi-video-ensemble-nous-sommes-capables-de-creer-un-printemps-tunisien\/"},"modified":"2022-01-15T14:10:22","modified_gmt":"2022-01-15T19:10:22","slug":"ugtt-noureddine-taboubi-video-ensemble-nous-sommes-capables-de-creer-un-printemps-tunisien","status":"publish","type":"post","link":"https:\/\/linitiative.ca\/International\/ugtt-noureddine-taboubi-video-ensemble-nous-sommes-capables-de-creer-un-printemps-tunisien\/","title":{"rendered":"UGTT-Noureddine Taboubi [VIDEO] : \u00ab Ensemble nous sommes capables de cr\u00e9er un printemps tunisien \u00bb"},"content":{"rendered":"<div>\n<p>Le Secr\u00e9taire G\u00e9n\u00e9ral de l\u2019UGTT, Noureddine Taboubi a indiqu\u00e9 que l\u2019entretien qu\u2019il a eu avec le pr\u00e9sident de la R\u00e9publique \u00e9tait \u00ab\u00a0requis par la nature de l\u2019\u00e9tape\u00a0\u00bb. Il a ajout\u00e9 que lors de cette r\u00e9union, ils ont soulign\u00e9 la difficult\u00e9 de de cette \u00e9tape et qu\u2019elle n\u00e9cessite une r\u00e9elle solidarit\u00e9 nationale, et beaucoup de sagesse [\u2026]<\/p>\n<p>L\u2019article <a href=\"https:\/\/www.tunisienumerique.com\/ugtt-noureddine-taboubi-video-ensemble-nous-sommes-capables-de-creer-un-printemps-tunisien\/\">UGTT-Noureddine Taboubi [VIDEO] : \u00ab Ensemble nous sommes capables de cr\u00e9er un printemps tunisien \u00bb<\/a> est apparu en premier sur <a href=\"https:\/\/www.tunisienumerique.com\/\">Tunisie<\/a>.<\/p>\n<\/div>\n<p>Auteur: rania ben slimane<br \/>\n<a href=\"https:\/\/www.tunisienumerique.com\/ugtt-noureddine-taboubi-video-ensemble-nous-sommes-capables-de-creer-un-printemps-tunisien\/\">Cliquez ici pour lire l&rsquo;article depuis sa source.<\/a><\/p>\n","protected":false},"excerpt":{"rendered":"<p>Le Secr\u00e9taire G\u00e9n\u00e9ral de l\u2019UGTT, Noureddine Taboubi a indiqu\u00e9 que l\u2019entretien qu\u2019il a eu avec le pr\u00e9sident de la R\u00e9publique \u00e9tait \u00ab\u00a0requis par la nature de l\u2019\u00e9tape\u00a0\u00bb. Il a ajout\u00e9 que lors de cette r\u00e9union, ils ont soulign\u00e9 la difficult\u00e9 de de cette \u00e9tape et qu\u2019elle n\u00e9cessite une r\u00e9elle solidarit\u00e9 nationale, et beaucoup de sagesse [&hellip;]<\/p>\n","protected":false},"author":1789,"featured_media":0,"comment_status":"closed","ping_status":"closed","sticky":false,"template":"","format":"standard","meta":{"fifu_image_url":"","fifu_image_alt":"","footnotes":""},"categories":[73,55],"tags":[],"class_list":["post-138603","post","type-post","status-publish","format-standard","hentry","category-actualite","category-tunisie"],"_links":{"self":[{"href":"https:\/\/linitiative.ca\/International\/wp-json\/wp\/v2\/posts\/138603","targetHints":{"allow":["GET"]}}],"collection":[{"href":"https:\/\/linitiative.ca\/International\/wp-json\/wp\/v2\/posts"}],"about":[{"href":"https:\/\/linitiative.ca\/International\/wp-json\/wp\/v2\/types\/post"}],"author":[{"embeddable":true,"href":"https:\/\/linitiative.ca\/International\/wp-json\/wp\/v2\/users\/1789"}],"replies":[{"embeddable":true,"href":"https:\/\/linitiative.ca\/International\/wp-json\/wp\/v2\/comments?post=138603"}],"version-history":[{"count":0,"href":"https:\/\/linitiative.ca\/International\/wp-json\/wp\/v2\/posts\/138603\/revisions"}],"wp:attachment":[{"href":"https:\/\/linitiative.ca\/International\/wp-json\/wp\/v2\/media?parent=138603"}],"wp:term":[{"taxonomy":"category","embeddable":true,"href":"https:\/\/linitiative.ca\/International\/wp-json\/wp\/v2\/categories?post=138603"},{"taxonomy":"post_tag","embeddable":true,"href":"https:\/\/linitiative.ca\/International\/wp-json\/wp\/v2\/tags?post=138603"}],"curies":[{"name":"wp","href":"https:\/\/api.w.org\/{rel}","templated":true}]}}