{"id":138604,"date":"2022-01-15T14:33:18","date_gmt":"2022-01-15T19:33:18","guid":{"rendered":"https:\/\/linitiative.ca\/International\/tunisie-mandats-de-depot-en-prison-contre-une-cellule-feminine-terroriste-travaillant-pour-le-compte-de-jond-al-khilafa\/"},"modified":"2022-01-15T14:33:18","modified_gmt":"2022-01-15T19:33:18","slug":"tunisie-mandats-de-depot-en-prison-contre-une-cellule-feminine-terroriste-travaillant-pour-le-compte-de-jond-al-khilafa","status":"publish","type":"post","link":"https:\/\/linitiative.ca\/International\/tunisie-mandats-de-depot-en-prison-contre-une-cellule-feminine-terroriste-travaillant-pour-le-compte-de-jond-al-khilafa\/","title":{"rendered":"Tunisie : Mandats de d\u00e9p\u00f4t en prison contre une cellule f\u00e9minine terroriste travaillant pour le compte de \u00ab Jond Al Khilafa \u00bb"},"content":{"rendered":"<div>\n<p>La Chambre P\u00e9nale sp\u00e9cialis\u00e9e dans les affaires de terrorisme pr\u00e8s le Tribunal de Premi\u00e8re Instance de Tunis a condamn\u00e9 ce samedi 15 janvier 2022, 5 femmes \u00e0 des peines de prison avec effet imm\u00e9diat pour formation d\u2019une cellule terroriste f\u00e9minine. En effet cette cellule terroriste communique avec les dirigeants de l\u2019organisation \u201cJond Al Khilafa\u201d. Elle [\u2026]<\/p>\n<p>L\u2019article <a href=\"https:\/\/www.tunisienumerique.com\/tunisie-mandats-de-depot-en-prison-contre-une-cellule-feminine-terroriste-travaillant-pour-le-compte-de-jond-al-khilafa\/\">Tunisie : Mandats de d\u00e9p\u00f4t en prison contre une cellule f\u00e9minine terroriste travaillant pour le compte de \u00ab Jond Al Khilafa \u00bb<\/a> est apparu en premier sur <a href=\"https:\/\/www.tunisienumerique.com\/\">Tunisie<\/a>.<\/p>\n<\/div>\n<p>Auteur: rania ben slimane<br \/>\n<a href=\"https:\/\/www.tunisienumerique.com\/tunisie-mandats-de-depot-en-prison-contre-une-cellule-feminine-terroriste-travaillant-pour-le-compte-de-jond-al-khilafa\/\">Cliquez ici pour lire l&rsquo;article depuis sa source.<\/a><\/p>\n","protected":false},"excerpt":{"rendered":"<p>La Chambre P\u00e9nale sp\u00e9cialis\u00e9e dans les affaires de terrorisme pr\u00e8s le Tribunal de Premi\u00e8re Instance de Tunis a condamn\u00e9 ce samedi 15 janvier 2022, 5 femmes \u00e0 des peines de prison avec effet imm\u00e9diat pour formation d\u2019une cellule terroriste f\u00e9minine. En effet cette cellule terroriste communique avec les dirigeants de l\u2019organisation \u201cJond Al Khilafa\u201d. Elle [&hellip;]<\/p>\n","protected":false},"author":1789,"featured_media":0,"comment_status":"closed","ping_status":"closed","sticky":false,"template":"","format":"standard","meta":{"fifu_image_url":"","fifu_image_alt":"","footnotes":""},"categories":[73,55],"tags":[],"class_list":["post-138604","post","type-post","status-publish","format-standard","hentry","category-actualite","category-tunisie"],"_links":{"self":[{"href":"https:\/\/linitiative.ca\/International\/wp-json\/wp\/v2\/posts\/138604","targetHints":{"allow":["GET"]}}],"collection":[{"href":"https:\/\/linitiative.ca\/International\/wp-json\/wp\/v2\/posts"}],"about":[{"href":"https:\/\/linitiative.ca\/International\/wp-json\/wp\/v2\/types\/post"}],"author":[{"embeddable":true,"href":"https:\/\/linitiative.ca\/International\/wp-json\/wp\/v2\/users\/1789"}],"replies":[{"embeddable":true,"href":"https:\/\/linitiative.ca\/International\/wp-json\/wp\/v2\/comments?post=138604"}],"version-history":[{"count":0,"href":"https:\/\/linitiative.ca\/International\/wp-json\/wp\/v2\/posts\/138604\/revisions"}],"wp:attachment":[{"href":"https:\/\/linitiative.ca\/International\/wp-json\/wp\/v2\/media?parent=138604"}],"wp:term":[{"taxonomy":"category","embeddable":true,"href":"https:\/\/linitiative.ca\/International\/wp-json\/wp\/v2\/categories?post=138604"},{"taxonomy":"post_tag","embeddable":true,"href":"https:\/\/linitiative.ca\/International\/wp-json\/wp\/v2\/tags?post=138604"}],"curies":[{"name":"wp","href":"https:\/\/api.w.org\/{rel}","templated":true}]}}