{"id":138608,"date":"2022-01-15T05:31:09","date_gmt":"2022-01-15T10:31:09","guid":{"rendered":"https:\/\/linitiative.ca\/International\/perception-illegale-de-frais-de-mission-emile-pare-en-liberte\/"},"modified":"2022-01-15T05:31:09","modified_gmt":"2022-01-15T10:31:09","slug":"perception-illegale-de-frais-de-mission-emile-pare-en-liberte","status":"publish","type":"post","link":"https:\/\/linitiative.ca\/International\/perception-illegale-de-frais-de-mission-emile-pare-en-liberte\/","title":{"rendered":"Perception ill\u00e9gale de frais de mission : Emile Par\u00e9 en libert\u00e9"},"content":{"rendered":"<div>\n<p><strong>Le Directeur g\u00e9n\u00e9ral (DG) de l\u2019Ecole nationale de sant\u00e9 publique (ENSP), Dr Emile Par\u00e9, en garde \u00e0 vue, pour des soup\u00e7ons de perception ill\u00e9gale de frais de missions depuis le mardi 11 janvier 2022, a \u00e9t\u00e9 lib\u00e9r\u00e9, le vendredi 14 janvier. L\u2019instruction se poursuit.<\/strong><\/p>\n<p>\u00a0<\/p>\n<p>Le Directeur g\u00e9n\u00e9ral (DG) de l\u2019Ecole nationale de sant\u00e9 publique (ENSP), \u00a0Dr Emile Pargui Par\u00e9, plus connu sous le pseudo de \u00ab\u00a0<em>Chat noir du Nayala<\/em>\u00a0\u00bb, a rejoint son domicile dans la matin\u00e9e du vendredi 14 janvier 2022, a appris Sidwaya de sources proches de la famille. Comme lui, son Directeur des affaires financi\u00e8res (DAF) est aussi libre, en attendant l\u2019aboutissement de l\u2019instruction qui suit son cours et devrait s\u2019achever le lundi 17 janvier, selon les m\u00eames sources.<\/p>\n<p>En rappel, le DG de l\u2019ENSP, Dr Emile Par\u00e9, a \u00e9t\u00e9 interpel\u00e9 par la gendarmerie le mardi 11 janvier 2022, \u00e0 la suite d\u2019une d\u00e9nonciation anonyme aupr\u00e8s de l\u2019Autorit\u00e9 sup\u00e9rieure de contr\u00f4le d\u2019Etat et de lutte contre la corruption (ASCE\/LP). Il lui est reproch\u00e9 d\u2019avoir per\u00e7u de fa\u00e7on ill\u00e9gale, 700 000 F CFA de frais de mission sans avoir effectu\u00e9 le d\u00e9placement. Il aurait autoris\u00e9 par les m\u00eames occasions, les paiements de frais de missions pour des ateliers cens\u00e9s se tenir \u00e0 Koudougou mais qui ont eu lieu \u00e0 Ouagadougou.<\/p>\n<p>Emile Par\u00e9, cadre du parti au pouvoir, le Mouvement du peuple pour le progr\u00e8s (MPP), est secr\u00e9taire national en charg\u00e9 de l\u2019orientation politique et Directeur g\u00e9n\u00e9ral du Centre international de formation politique Kwame N\u2019Nkrumah, commun\u00e9ment appel\u00e9 \u00ab\u00a0<em>l\u2019\u00e9cole du parti<\/em>\u00a0\u00bb.<\/p>\n<p><strong>La R\u00e9daction<\/strong><\/p>\n<p>L\u2019article <a rel=\"nofollow\" href=\"https:\/\/www.sidwaya.info\/blog\/2022\/01\/15\/perception-illegale-de-frais-de-mission-emile-pare-en-liberte\/\">Perception ill\u00e9gale de frais de mission : Emile Par\u00e9 en libert\u00e9<\/a> est apparu en premier sur <a rel=\"nofollow\" href=\"https:\/\/www.sidwaya.info\/\">Quotidien Sidwaya<\/a>.<\/p>\n<\/div>\n<p>Auteur: BANGRE SIDWAYA<br \/>\n<a href=\"https:\/\/www.sidwaya.info\/blog\/2022\/01\/15\/perception-illegale-de-frais-de-mission-emile-pare-en-liberte\/?utm_source=rss&#038;utm_medium=rss&#038;utm_campaign=perception-illegale-de-frais-de-mission-emile-pare-en-liberte\">Cliquez ici pour lire l&rsquo;article depuis sa source.<\/a><\/p>\n","protected":false},"excerpt":{"rendered":"<p>Le Directeur g\u00e9n\u00e9ral (DG) de l\u2019Ecole nationale de sant\u00e9 publique (ENSP), Dr Emile Par\u00e9, en garde \u00e0 vue, pour des soup\u00e7ons de perception ill\u00e9gale de frais de missions depuis le mardi 11 janvier 2022, a \u00e9t\u00e9 lib\u00e9r\u00e9, le vendredi 14 janvier. L\u2019instruction se poursuit. \u00a0 Le Directeur g\u00e9n\u00e9ral (DG) de l\u2019Ecole nationale de sant\u00e9 publique [&hellip;]<\/p>\n","protected":false},"author":1816,"featured_media":0,"comment_status":"closed","ping_status":"closed","sticky":false,"template":"","format":"standard","meta":{"fifu_image_url":"","fifu_image_alt":"","footnotes":""},"categories":[73,81],"tags":[],"class_list":["post-138608","post","type-post","status-publish","format-standard","hentry","category-actualite","category-burkina-faso"],"_links":{"self":[{"href":"https:\/\/linitiative.ca\/International\/wp-json\/wp\/v2\/posts\/138608","targetHints":{"allow":["GET"]}}],"collection":[{"href":"https:\/\/linitiative.ca\/International\/wp-json\/wp\/v2\/posts"}],"about":[{"href":"https:\/\/linitiative.ca\/International\/wp-json\/wp\/v2\/types\/post"}],"author":[{"embeddable":true,"href":"https:\/\/linitiative.ca\/International\/wp-json\/wp\/v2\/users\/1816"}],"replies":[{"embeddable":true,"href":"https:\/\/linitiative.ca\/International\/wp-json\/wp\/v2\/comments?post=138608"}],"version-history":[{"count":0,"href":"https:\/\/linitiative.ca\/International\/wp-json\/wp\/v2\/posts\/138608\/revisions"}],"wp:attachment":[{"href":"https:\/\/linitiative.ca\/International\/wp-json\/wp\/v2\/media?parent=138608"}],"wp:term":[{"taxonomy":"category","embeddable":true,"href":"https:\/\/linitiative.ca\/International\/wp-json\/wp\/v2\/categories?post=138608"},{"taxonomy":"post_tag","embeddable":true,"href":"https:\/\/linitiative.ca\/International\/wp-json\/wp\/v2\/tags?post=138608"}],"curies":[{"name":"wp","href":"https:\/\/api.w.org\/{rel}","templated":true}]}}