{"id":138609,"date":"2022-01-15T06:15:30","date_gmt":"2022-01-15T11:15:30","guid":{"rendered":"https:\/\/linitiative.ca\/International\/covid-19-une-3e-vague-de-contaminations-en-cours\/"},"modified":"2022-01-15T06:15:30","modified_gmt":"2022-01-15T11:15:30","slug":"covid-19-une-3e-vague-de-contaminations-en-cours","status":"publish","type":"post","link":"https:\/\/linitiative.ca\/International\/covid-19-une-3e-vague-de-contaminations-en-cours\/","title":{"rendered":"COVID-19\u00a0: Une 3e vague de\u00a0 contaminations en cours"},"content":{"rendered":"<div>\n<p><strong>Le ministre de la sant\u00e9 de l\u2019hygi\u00e8ne publique et du bien-\u00eatre, Charlemagne Ou\u00e9draogo a fait le point de l\u2019\u00e9volution de la COVID 19 au Burkina Faso, lors du point de presse du gouvernement, le 14 janvier 2022 au service d\u2019information du gouvernement.<\/strong><\/p>\n<p>Le Burkina Faso\u00a0 est de plain-pied dans la 3e vague des contaminations au COVID 19 depuis septembre 2021. C\u2019est la conviction du ministre de la sant\u00e9 de l\u2019hygi\u00e8ne publique\u00a0 et du bien-\u00eatre, Charlemagne Ou\u00e9draogo qui a fait le point\u00a0 de l\u2019\u00e9volution de la maladie\u00a0 au cours du point de presse du gouvernement. C\u2019\u00e9tait le vendredi 14 janvier 2022 dans les locaux du service d\u2019information du gouvernement.\u00a0\u00a0 En effet, selon lui, \u00a0l\u2019\u00e9volution des cas au cours des 4 derniers mois\u00a0 reste marqu\u00e9e par une augmentation importante\u00a0 de leur nombre comparativement\u00a0 aux ann\u00e9es pr\u00e9c\u00e9dentes. \u00ab\u00a0Cela montre une recrudescence importante des cas \u00a0de COVID19 dans notre pays, correspondant\u00a0 manifestement\u00a0 \u00e0 une 3e vague d\u00e9but\u00e9e depuis le 13 septembre 2021\u00a0\u00bb, a\u00a0 estim\u00e9 le ministre. 4 variants de COVID 19 circulent actuellement au Burkina. Il s\u2019agit des variants Alpha, Delta, Etat\u00a0 et Omicron.\u00a0 \u00ab Sur 2 s\u00e9ries de s\u00e9quen\u00e7ages,\u00a0 r\u00e9alis\u00e9 courant d\u00e9cembre 2021,\u00a0 la proportion de Omicron a \u00e9t\u00e9 d\u2019abord\u00a0 de 7,69%\u00a0 puis de 30%\u00bb,\u00a0 a pr\u00e9cis\u00e9 Pr Charlemagne Ou\u00e9draogo.<\/p>\n<p>Au regard de la\u00a0 recrudescence des cas, le Pr Charlemagne Ou\u00e9draogo\u00a0\u00a0 a encourag\u00e9, l\u2019ensemble des burkinab\u00e8 \u00e2g\u00e9s de 18 ans et plus \u00e0 se faire vacciner, en vue de r\u00e9duire les formes graves\u00a0 et de d\u00e9c\u00e8s. Plusieurs vaccins sont disponibles,\u00a0 Aztrazeneca, Johnson and Johnson,\u00a0 Pfizer, Sinovac et Sinopharm.<\/p>\n<p><strong>\u00a0La vaccination r\u00e9duit les formes graves et les d\u00e9c\u00e8s<\/strong><\/p>\n<p>Il a r\u00e9v\u00e9l\u00e9 que du 1er septembre 2021 au 12 janvier 2022, 462 cas graves\u00a0 ont \u00e9t\u00e9 pris en charge dans les h\u00f4pitaux. Parmi les cas graves, 460 n\u2019ont pas \u00e9t\u00e9 vaccin\u00e9. 168 d\u00e9c\u00e8s sont \u00e0 d\u00e9plor\u00e9s parmi les cas graves\u00a0 dont\u00a0 la plupart pr\u00e9sente des comorbidit\u00e9s. Cette situation\u00a0 est plus prononc\u00e9e chez les personnes de plus de 60 ans. Parmi les cas de d\u00e9c\u00e8s, 2 avaient re\u00e7u leurs vaccins et pr\u00e9sentaient des comorbidit\u00e9s. Les personnes\u00a0 \u00e2g\u00e9es de plus de 45 ans paient le plus lourd tribu.\u00a0 \u00ab\u00a0De tout ce qui pr\u00e9c\u00e8de,\u00a0 il apparait clairement qu\u2019on observe\u00a0 moins de personnes vaccin\u00e9es faisant des formes\u00a0\u00a0 graves ou d\u00e9c\u00e9dant de la maladie\u00bb, a insist\u00e9 le ministre\u00a0 charg\u00e9 de la sant\u00e9.<\/p>\n<p>En vue de renforcer la couverture vaccinale,\u00a0\u00a0 Pr Charlemagne Ou\u00e9draogo a annonc\u00e9 que les actions de plaidoyer aupr\u00e8s des responsables coutumiers, des leaders religieux et\u00a0 communautaire entam\u00e9 depuis un certain temps vont se poursuivre.\u00a0 En sus le minist\u00e8re va d\u00e9ployer une autre campagne de vaccination\u00a0 d\u2019ici la mi-f\u00e9vrier\u00a0 dans toutes les r\u00e9gions sanitaires, apr\u00e8s le succ\u00e8s de la 1<sup>\u00e8re<\/sup> qui a permis de vaccin\u00e9 667332 personnes du \u00a014 au 23 d\u00e9cembre 2021 dans 4 r\u00e9gions. \u00a0\u00a0Par ailleurs le ministre a insist\u00e9 sur le respect des mesures barri\u00e8res\u00a0 par tous\u00a0 pour endiguer cette nouvelle vague de contamination au COVID19.<\/p>\n<p>Interrog\u00e9 sur la raison\u00a0 de la recrudescence des cas au Burkina, le ministre charg\u00e9 de la sant\u00e9 a r\u00e9pondu que la recrudescence\u00a0 est mondiale. \u00abLe Burkina\u00a0 Faso vit une crise moins grave qu\u2019ailleurs.\u00a0 La raison est multifactorielle,\u00a0 c\u2019est pourquoi nous encourageons la vaccination et le respect des mesures barri\u00e8res\u00a0 pour \u00e9viter d\u2019empirer la situation\u00bb, a-t-il ajout\u00e9. Pour le moment, le gouvernement n\u2019envisage pas de rendre la vaccination obligatoire\u00a0 a affirm\u00e9 le ministre\u00a0 en r\u00e9ponse \u00e0 une question\u00a0 des journalistes.<\/p>\n<p>Le bilan\u00a0 au cours de la p\u00e9riode du 1er au 12 janvier 2022 fait ressortir que \u00a0le pays a comptabilis\u00e9 1622 nouveaux cas confirm\u00e9s soit un nombre moyen de 135 cas par jour. 6 d\u00e9c\u00e8s ont \u00e9t\u00e9 malheureusement enregistr\u00e9s\u00a0 au cours de\u00a0 cette p\u00e9riode. Depuis\u00a0 le d\u00e9but de l\u2019\u00e9pid\u00e9mie, le\u00a0 Burkina\u00a0 a enregistr\u00e9 \u00e0 la date du 12 janvier 2022, 20047 cas cumul\u00e9s\u00a0 confirm\u00e9 de COVID 19 avec malheureusement 339 d\u00e9c\u00e8s. Le nombre de patients gu\u00e9ris \u00e0 la m\u00eame p\u00e9riode\u00a0 se chiffre \u00e0 18355 personnes.<\/p>\n<p><strong>Nad\u00e8ge YE<\/strong><\/p>\n<p>L\u2019article <a rel=\"nofollow\" href=\"https:\/\/www.sidwaya.info\/blog\/2022\/01\/15\/covid-19-une-3e-vague-de-contaminations-en-cours\/\">COVID-19\u00a0: Une 3e vague de\u00a0 contaminations en cours<\/a> est apparu en premier sur <a rel=\"nofollow\" href=\"https:\/\/www.sidwaya.info\/\">Quotidien Sidwaya<\/a>.<\/p>\n<\/div>\n<p>Auteur: BS. Sidwaya<br \/>\n<a href=\"https:\/\/www.sidwaya.info\/blog\/2022\/01\/15\/covid-19-une-3e-vague-de-contaminations-en-cours\/?utm_source=rss&#038;utm_medium=rss&#038;utm_campaign=covid-19-une-3e-vague-de-contaminations-en-cours\">Cliquez ici pour lire l&rsquo;article depuis sa source.<\/a><\/p>\n","protected":false},"excerpt":{"rendered":"<p>Le ministre de la sant\u00e9 de l\u2019hygi\u00e8ne publique et du bien-\u00eatre, Charlemagne Ou\u00e9draogo a fait le point de l\u2019\u00e9volution de la COVID 19 au Burkina Faso, lors du point de presse du gouvernement, le 14 janvier 2022 au service d\u2019information du gouvernement. Le Burkina Faso\u00a0 est de plain-pied dans la 3e vague des contaminations au [&hellip;]<\/p>\n","protected":false},"author":1816,"featured_media":0,"comment_status":"closed","ping_status":"closed","sticky":false,"template":"","format":"standard","meta":{"fifu_image_url":"","fifu_image_alt":"","footnotes":""},"categories":[73,81],"tags":[],"class_list":["post-138609","post","type-post","status-publish","format-standard","hentry","category-actualite","category-burkina-faso"],"_links":{"self":[{"href":"https:\/\/linitiative.ca\/International\/wp-json\/wp\/v2\/posts\/138609","targetHints":{"allow":["GET"]}}],"collection":[{"href":"https:\/\/linitiative.ca\/International\/wp-json\/wp\/v2\/posts"}],"about":[{"href":"https:\/\/linitiative.ca\/International\/wp-json\/wp\/v2\/types\/post"}],"author":[{"embeddable":true,"href":"https:\/\/linitiative.ca\/International\/wp-json\/wp\/v2\/users\/1816"}],"replies":[{"embeddable":true,"href":"https:\/\/linitiative.ca\/International\/wp-json\/wp\/v2\/comments?post=138609"}],"version-history":[{"count":0,"href":"https:\/\/linitiative.ca\/International\/wp-json\/wp\/v2\/posts\/138609\/revisions"}],"wp:attachment":[{"href":"https:\/\/linitiative.ca\/International\/wp-json\/wp\/v2\/media?parent=138609"}],"wp:term":[{"taxonomy":"category","embeddable":true,"href":"https:\/\/linitiative.ca\/International\/wp-json\/wp\/v2\/categories?post=138609"},{"taxonomy":"post_tag","embeddable":true,"href":"https:\/\/linitiative.ca\/International\/wp-json\/wp\/v2\/tags?post=138609"}],"curies":[{"name":"wp","href":"https:\/\/api.w.org\/{rel}","templated":true}]}}