{"id":138610,"date":"2022-01-15T12:10:56","date_gmt":"2022-01-15T17:10:56","guid":{"rendered":"https:\/\/linitiative.ca\/International\/province-du-gourma-deux-femmes-tuees-dans-un-braquage\/"},"modified":"2022-01-15T12:10:56","modified_gmt":"2022-01-15T17:10:56","slug":"province-du-gourma-deux-femmes-tuees-dans-un-braquage","status":"publish","type":"post","link":"https:\/\/linitiative.ca\/International\/province-du-gourma-deux-femmes-tuees-dans-un-braquage\/","title":{"rendered":"Province du Gourma\u00a0: Deux femmes tu\u00e9es dans un braquage"},"content":{"rendered":"<div>\n<p>Selon plusieurs sources locales et s\u00e9curitaires, deux femmes ont \u00e9t\u00e9 tu\u00e9es, hier, vendredi 14 janvier 2022, dans une attaque \u00e0 main arm\u00e9e, perp\u00e9tr\u00e9e par des individus sur l\u2019axe Gounghin-Fada N\u2019Gourma, aux environs de 18 heures. Trois autres usagers de ce tron\u00e7on de la RN4 ont \u00e9t\u00e9 bless\u00e9s et conduits au Centre hospitalier r\u00e9gional (CHR) de Fada N\u2019Gourma. Les bandits auraient spoli\u00e9 des personnes de \u00ab\u00a0<em>grosses<\/em>\u00a0\u00bb sommes d\u2019argent. Ce braquage barbare s\u2019est produit, pr\u00e9cis\u00e9ment, entre Maoda et le pont de Tilonti, \u00e0 une trentaine de kilom\u00e8tres de Fada N\u2019Gourma. Selon nos sources, ces braqueurs ont cibl\u00e9 des compagnies de transport en commun, des camions citernes et des v\u00e9hicules priv\u00e9s. Sans crier gare, ils ont ouvert le feu, obligeant les conducteurs \u00e0 s\u2019arr\u00eater, nous a confi\u00e9 un t\u00e9moin, toujours sous le choc. En t\u00e9moigne les impacts de balles sur certains cars et v\u00e9hicules priv\u00e9s. Il a ajout\u00e9 que, quoi qu\u2019il en soit, aucun v\u00e9hicule ne pouvait s\u2019\u00e9chapper, vu l\u2019\u00e9tat de la route.<\/p>\n<p>Depuis le d\u00e9but de la crise s\u00e9curitaire jusqu\u2019\u00e0 ce braquage d\u2019envergure, cet axe est \u00e9pargn\u00e9 des exactions d\u2019individus, qu\u2019ils soient des combattants des groupes arm\u00e9s terroristes ou des bandits de grand chemin. Une situation qui garantissait une qui\u00e9tude relative chez les nombreux usagers du tron\u00e7on. Mais la donne vient de changer d\u2019autant plus que des t\u00e9moins ont \u00e9tabli un lien entre les \u00ab\u00a0<em>coupeurs de route<\/em>\u00a0\u00bb d\u2019hier et les groupes terroristes. Pour eux, rarement des braqueurs utilisent des armes aussi sophistiqu\u00e9es pour op\u00e9rer. Ils en viennent donc \u00e0 la conclusion selon laquelle les bandits ont des accointances avec les groupes terroristes. Pour preuve, avec l\u2019av\u00e8nement des kolgweogo, le grand banditisme avait presque disparu dans la r\u00e9gion de l\u2019Est. Mais la survenue du terrorisme semble avoir favoris\u00e9 la r\u00e9surgence du ph\u00e9nom\u00e8ne.<\/p>\n<p>J.S<\/p>\n<p>L\u2019article <a rel=\"nofollow\" href=\"https:\/\/www.sidwaya.info\/blog\/2022\/01\/15\/province-du-gourma-deux-femmes-tuees-dans-un-braquage\/\">Province du Gourma\u00a0: Deux femmes tu\u00e9es dans un braquage<\/a> est apparu en premier sur <a rel=\"nofollow\" href=\"https:\/\/www.sidwaya.info\/\">Quotidien Sidwaya<\/a>.<\/p>\n<\/div>\n<p>Auteur: BS. Sidwaya<br \/>\n<a href=\"https:\/\/www.sidwaya.info\/blog\/2022\/01\/15\/province-du-gourma-deux-femmes-tuees-dans-un-braquage\/?utm_source=rss&#038;utm_medium=rss&#038;utm_campaign=province-du-gourma-deux-femmes-tuees-dans-un-braquage\">Cliquez ici pour lire l&rsquo;article depuis sa source.<\/a><\/p>\n","protected":false},"excerpt":{"rendered":"<p>Selon plusieurs sources locales et s\u00e9curitaires, deux femmes ont \u00e9t\u00e9 tu\u00e9es, hier, vendredi 14 janvier 2022, dans une attaque \u00e0 main arm\u00e9e, perp\u00e9tr\u00e9e par des individus sur l\u2019axe Gounghin-Fada N\u2019Gourma, aux environs de 18 heures. Trois autres usagers de ce tron\u00e7on de la RN4 ont \u00e9t\u00e9 bless\u00e9s et conduits au Centre hospitalier r\u00e9gional (CHR) de [&hellip;]<\/p>\n","protected":false},"author":1816,"featured_media":0,"comment_status":"closed","ping_status":"closed","sticky":false,"template":"","format":"standard","meta":{"fifu_image_url":"","fifu_image_alt":"","footnotes":""},"categories":[73,81],"tags":[],"class_list":["post-138610","post","type-post","status-publish","format-standard","hentry","category-actualite","category-burkina-faso"],"_links":{"self":[{"href":"https:\/\/linitiative.ca\/International\/wp-json\/wp\/v2\/posts\/138610","targetHints":{"allow":["GET"]}}],"collection":[{"href":"https:\/\/linitiative.ca\/International\/wp-json\/wp\/v2\/posts"}],"about":[{"href":"https:\/\/linitiative.ca\/International\/wp-json\/wp\/v2\/types\/post"}],"author":[{"embeddable":true,"href":"https:\/\/linitiative.ca\/International\/wp-json\/wp\/v2\/users\/1816"}],"replies":[{"embeddable":true,"href":"https:\/\/linitiative.ca\/International\/wp-json\/wp\/v2\/comments?post=138610"}],"version-history":[{"count":0,"href":"https:\/\/linitiative.ca\/International\/wp-json\/wp\/v2\/posts\/138610\/revisions"}],"wp:attachment":[{"href":"https:\/\/linitiative.ca\/International\/wp-json\/wp\/v2\/media?parent=138610"}],"wp:term":[{"taxonomy":"category","embeddable":true,"href":"https:\/\/linitiative.ca\/International\/wp-json\/wp\/v2\/categories?post=138610"},{"taxonomy":"post_tag","embeddable":true,"href":"https:\/\/linitiative.ca\/International\/wp-json\/wp\/v2\/tags?post=138610"}],"curies":[{"name":"wp","href":"https:\/\/api.w.org\/{rel}","templated":true}]}}